{"id":22401,"date":"2018-01-16T16:12:31","date_gmt":"2018-01-16T19:12:31","guid":{"rendered":"http:\/\/actualidadadiario.com\/site\/?p=22401"},"modified":"2018-11-06T19:49:02","modified_gmt":"2018-11-06T22:49:02","slug":"el-gobierno-decidio-no-convocar-a-sesiones-extraordinarias-en-febrero","status":"publish","type":"post","link":"https:\/\/www.actualidadadiario.com\/index.php\/2018\/01\/16\/el-gobierno-decidio-no-convocar-a-sesiones-extraordinarias-en-febrero\/","title":{"rendered":"El Gobierno decidi\u00f3 no convocar a sesiones extraordinarias en febrero"},"content":{"rendered":"<p><em><strong>As\u00ed lo anunci\u00f3 el jefe de Gabinete, Marcos Pe\u00f1a, quien neg\u00f3 un &#8220;cortocircuito&#8221; con la oposici\u00f3n. &#8220;No val\u00eda la pena. Se trabajar\u00e1 en el calendario legislativo regular&#8221;, precis\u00f3. Reiter\u00f3 que las paritarias &#8220;son libres&#8221;, pero inst\u00f3 a trabajar por respetar el 15% de la meta de inflaci\u00f3n<\/strong><\/em><\/p>\n<p>&nbsp;<\/p>\n<p>&nbsp;<\/p>\n<p>&nbsp;<\/p>\n<p>El jefe de Gabinete, Marcos Pe\u00f1a, anunci\u00f3 hoy que el presidente Mauricio Macri decidi\u00f3 &#8220;no convocar a sesiones extraordinarias en febrero&#8221;.<\/p>\n<p>&nbsp;<\/p>\n<p>El funcionario neg\u00f3 que exista un &#8220;cortocircuito&#8221; con la oposici\u00f3n, y precis\u00f3 que la decisi\u00f3n del Gobierno se apoya en que consider\u00f3 que &#8220;no vale la pena&#8221; adelantar las sesiones a febrero cuando existe consenso en muchos temas.<\/p>\n<p>&nbsp;<\/p>\n<p>&#8220;Trabajaremos con la autoridades parlamentarias para ver cu\u00e1l es la mejor forma de generar consenso&#8221;, adelant\u00f3.<\/p>\n<p>&nbsp;<\/p>\n<p>Respecto al proyecto de Reforma Laboral consider\u00f3 que &#8220;si es necesario debatirla m\u00e1s tiempo daremos ese debate en el parlamento y estamos muy tranquilos en poder plantear eso y escuchar alternativas como hicimos con la Reforma Previsional&#8221;.<\/p>\n<p>&nbsp;<\/p>\n<p>Por otra parte, Pe\u00f1a justific\u00f3 la firma de un decreto de necesidad y urgencia de desregulaci\u00f3n por parte del jefe de Estado, al indicar que es una &#8220;herramienta constitucional&#8221; en el marco del &#8220;receso parlamentario&#8221;.<\/p>\n<p>&nbsp;<\/p>\n<p>Al ser consultado sobre la situaci\u00f3n de la econom\u00eda, consider\u00f3 &#8220;muy importante que haya ca\u00eddo la emergencia econ\u00f3mica, entendiendo que la inflaci\u00f3n n\u00facleo est\u00e1 en un claro sendero a la baja&#8221;, aunque reconoci\u00f3 que &#8220;todav\u00eda falta mucho&#8221;.<\/p>\n<p>&nbsp;<\/p>\n<p>Destac\u00f3 que las paritarias &#8220;son libres&#8221;, pero pidi\u00f3 &#8220;sin perjudicar al trabajador cumplir con la meta de inflaci\u00f3n del 15%&#8221;.<\/p>\n<p>&nbsp;<\/p>\n<p>Al permitir preguntas de la prensa, a Pe\u00f1a se le consult\u00f3 existe una persecuci\u00f3n del Gobierno hacia los gremios.<\/p>\n<p>&nbsp;<\/p>\n<p>En este sentido,\u00a0 asegur\u00f3 que el Gobierno no entiende que &#8220;ning\u00fan sindicalista ni sindicato&#8221; sea &#8220;un escollo para la Argentina&#8221; y, en particular sobre el dirigente camionero Hugo Moyano, valor\u00f3 la &#8220;relaci\u00f3n de muchos a\u00f1os&#8221;.<\/p>\n<p>&nbsp;<\/p>\n<p>&#8220;La teor\u00eda de la persecuci\u00f3n pol\u00edtica es disparatada&#8221;, afirm\u00f3.<\/p>\n","protected":false},"excerpt":{"rendered":"<p>As\u00ed lo anunci\u00f3 el jefe de Gabinete, Marcos Pe\u00f1a, quien neg\u00f3 un &#8220;cortocircuito&#8221; con la oposici\u00f3n. &#8220;No val\u00eda la pena. Se trabajar\u00e1 en el calendario legislativo regular&#8221;, precis\u00f3. Reiter\u00f3 que las paritarias &#8220;son libres&#8221;, pero inst\u00f3 a trabajar por respetar el 15% de la meta de inflaci\u00f3n &nbsp; &nbsp; &nbsp; El jefe de Gabinete, Marcos Pe\u00f1a, anunci\u00f3 hoy que el presidente Mauricio Macri decidi\u00f3 &#8220;no convocar a sesiones extraordinarias en febrero&#8221;. &nbsp; El funcionario neg\u00f3 que exista un &#8220;cortocircuito&#8221; con la oposici\u00f3n, y precis\u00f3 que la decisi\u00f3n del Gobierno se&#8230;<\/p>\n","protected":false},"author":3,"featured_media":22402,"comment_status":"closed","ping_status":"closed","sticky":false,"template":"","format":"standard","meta":[],"categories":[18],"tags":[],"_links":{"self":[{"href":"https:\/\/www.actualidadadiario.com\/index.php\/wp-json\/wp\/v2\/posts\/22401"}],"collection":[{"href":"https:\/\/www.actualidadadiario.com\/index.php\/wp-json\/wp\/v2\/posts"}],"about":[{"href":"https:\/\/www.actualidadadiario.com\/index.php\/wp-json\/wp\/v2\/types\/post"}],"author":[{"embeddable":true,"href":"https:\/\/www.actualidadadiario.com\/index.php\/wp-json\/wp\/v2\/users\/3"}],"replies":[{"embeddable":true,"href":"https:\/\/www.actualidadadiario.com\/index.php\/wp-json\/wp\/v2\/comments?post=22401"}],"version-history":[{"count":1,"href":"https:\/\/www.actualidadadiario.com\/index.php\/wp-json\/wp\/v2\/posts\/22401\/revisions"}],"predecessor-version":[{"id":22403,"href":"https:\/\/www.actualidadadiario.com\/index.php\/wp-json\/wp\/v2\/posts\/22401\/revisions\/22403"}],"wp:featuredmedia":[{"embeddable":true,"href":"https:\/\/www.actualidadadiario.com\/index.php\/wp-json\/wp\/v2\/media\/22402"}],"wp:attachment":[{"href":"https:\/\/www.actualidadadiario.com\/index.php\/wp-json\/wp\/v2\/media?parent=22401"}],"wp:term":[{"taxonomy":"category","embeddable":true,"href":"https:\/\/www.actualidadadiario.com\/index.php\/wp-json\/wp\/v2\/categories?post=22401"},{"taxonomy":"post_tag","embeddable":true,"href":"https:\/\/www.actualidadadiario.com\/index.php\/wp-json\/wp\/v2\/tags?post=22401"}],"curies":[{"name":"wp","href":"https:\/\/api.w.org\/{rel}","templated":true}]}}