{"id":22395,"date":"2018-01-16T16:10:39","date_gmt":"2018-01-16T19:10:39","guid":{"rendered":"http:\/\/actualidadadiario.com\/site\/?p=22395"},"modified":"2018-11-06T19:49:06","modified_gmt":"2018-11-06T22:49:06","slug":"el-gobierno-financiara-a-las-provincias-que-despidan-trabajadores-para-bajar-el-deficit","status":"publish","type":"post","link":"https:\/\/www.actualidadadiario.com\/index.php\/2018\/01\/16\/el-gobierno-financiara-a-las-provincias-que-despidan-trabajadores-para-bajar-el-deficit\/","title":{"rendered":"El Gobierno financiar\u00e1 a las provincias que despidan trabajadores para bajar el d\u00e9ficit"},"content":{"rendered":"<p><em><strong>La iniciativa de Mauricio Macri empezar\u00eda a aplicarse en las provincias patag\u00f3nicas para reducir &#8220;el rojo&#8221; en las cuentas pero la propuesta fue que el Ejecutivo nacional se har\u00eda cargo de la financiaci\u00f3n de las jubilaciones y retiros voluntarios para achicar la cantidad de trabajadores en las distintas dependencias de Gobierno<\/strong><\/em><\/p>\n<p>&nbsp;<\/p>\n<p>&nbsp;<\/p>\n<p>&nbsp;<\/p>\n<p>En los primeros d\u00edas del 2018 Mauricio Macri se reuni\u00f3 con los gobernadores de R\u00edo Negro (Weretilneck), Neuqu\u00e9n (Gutierrez) y Chubut (Arcioni) para buscar la forma en que Naci\u00f3n los pueda ayudar a &#8220;cumplir las metas fiscales&#8221; ya que los n\u00fameros se encuentran en rojo.<\/p>\n<p>&nbsp;<\/p>\n<p>El Presidente les ofreci\u00f3 un plan para reducir el d\u00e9ficit pero la salida es el ajuste de los trabajadores. De esta forma Macri reiter\u00f3 el ofrecimiento a las provincias para que adhieran a un plan de financiamiento de jubilaciones anticipadas y retiros voluntarios, incluido en la ley de responsabilidad fiscal firmada por Frigerio y los gobernadores.<\/p>\n<p>&nbsp;<\/p>\n<p>Una de las propuestas que se barajan se centra en que el Estado nacional abone los primeros siete meses y el 70% del salario de cada empleado que la provincia decida jubilar o incluir en un plan de retiro voluntario, seg\u00fan relev\u00f3 La Naci\u00f3n. Otra propuesta el pago del sueldo a empleados con a\u00f1os suficientes de aporte pero a los que les faltan algunos pocos a\u00f1os para alcanzar la edad jubilatoria.<\/p>\n<p>&nbsp;<\/p>\n<p>&#8220;Es una alternativa que beneficia a los empleados que se quieren ir, aunque el riesgo es que con el retiro voluntario se vayan del Estado los m\u00e1s capaces&#8221;, reflexion\u00f3 una fuente oficial. No hay estimaciones del monto que deber\u00eda aportar el Estado. Las erogaciones podr\u00edan hacerse por medio de aportes del Tesoro nacional o fondos del reci\u00e9n creado Fondo Fiduciario de Desarrollo Provincial.<\/p>\n<p>&nbsp;<\/p>\n<p>Seg\u00fan el Gobierno, varias de las provincias que escucharon la propuesta general del Presidente se mostraron interesadas en la propuesta. &#8220;No nos viene mal, al contrario, estamos buscando optimizar el gasto en recursos humanos&#8221;, afirmaron cerca de Weretilneck, por caso.<\/p>\n<p>&nbsp;<\/p>\n<p>Por otra parte, temerosos de que la propuesta genere una demanda excesiva a la que no puedan responder, en la Casa Rosada afirmaron que cada provincia interesada debe presentar un esquema en el que detalle la cantidad de empleados que desea incluir y los montos que necesitar\u00eda.<\/p>\n<p>&nbsp;<\/p>\n<p>&#8220;Cuando lleguen las propuestas de cada uno las analizaremos, tomando en cuenta la dimensi\u00f3n de la planta de cada provincia y la factibilidad de ayudarlos&#8221;, detallaron. Seg\u00fan la ley de responsabilidad fiscal, las provincias se comprometieron a no aumentar su base de personal, y solo tomar nuevos empleados en rubros sociales, como salud, educaci\u00f3n y seguridad, cuando sea estrictamente necesario.<\/p>\n<p>&nbsp;<\/p>\n<p>Tambi\u00e9n hay un compromiso de los gobernadores de bajar impuestos -sobre todo Ingresos Brutos- y de no aumentar el gasto de provincias y municipios. &#8220;Estamos muy preocupados y ocupados en el gasto provincial y comunal. Una gran parte de ese gasto es en personal, la idea es no aumentarlo y si es posible bajarlo a trav\u00e9s de retiros voluntarios&#8221;, afirmaron cerca del ministro de Hacienda, Nicol\u00e1s Dujovne.<\/p>\n<p>&nbsp;<\/p>\n<p>&#8220;Vamos a estar muy encima de esa ley y la del pacto fiscal. Necesitamos que se cumplan para bajar el d\u00e9ficit y tenemos herramientas para hacerla cumplir&#8221;, advirtieron desde el Palacio de Hacienda. Y dan como ejemplo de esas &#8220;herramientas&#8221; las transferencias de dinero fresco y los permisos de endeudamiento en el exterior.<\/p>\n<p>&nbsp;<\/p>\n<p>Salta y Chaco, ambas gobernadas por dirigentes peronistas conciliadores con el Gobierno, tambi\u00e9n est\u00e1n en la mira por el &#8220;desorden&#8221; de sus cuentas p\u00fablicas, mientras que en la Casa Rosada y el Palacio de Hacienda reconocen que Santiago del Estero, La Pampa, C\u00f3rdoba y San Luis son de las m\u00e1s ordenadas.<\/p>\n","protected":false},"excerpt":{"rendered":"<p>La iniciativa de Mauricio Macri empezar\u00eda a aplicarse en las provincias patag\u00f3nicas para reducir &#8220;el rojo&#8221; en las cuentas pero la propuesta fue que el Ejecutivo nacional se har\u00eda cargo de la financiaci\u00f3n de las jubilaciones y retiros voluntarios para achicar la cantidad de trabajadores en las distintas dependencias de Gobierno &nbsp; &nbsp; &nbsp; En los primeros d\u00edas del 2018 Mauricio Macri se reuni\u00f3 con los gobernadores de R\u00edo Negro (Weretilneck), Neuqu\u00e9n (Gutierrez) y Chubut (Arcioni) para buscar la forma en que Naci\u00f3n los pueda ayudar a &#8220;cumplir las metas&#8230;<\/p>\n","protected":false},"author":3,"featured_media":22396,"comment_status":"closed","ping_status":"closed","sticky":false,"template":"","format":"standard","meta":[],"categories":[18],"tags":[],"_links":{"self":[{"href":"https:\/\/www.actualidadadiario.com\/index.php\/wp-json\/wp\/v2\/posts\/22395"}],"collection":[{"href":"https:\/\/www.actualidadadiario.com\/index.php\/wp-json\/wp\/v2\/posts"}],"about":[{"href":"https:\/\/www.actualidadadiario.com\/index.php\/wp-json\/wp\/v2\/types\/post"}],"author":[{"embeddable":true,"href":"https:\/\/www.actualidadadiario.com\/index.php\/wp-json\/wp\/v2\/users\/3"}],"replies":[{"embeddable":true,"href":"https:\/\/www.actualidadadiario.com\/index.php\/wp-json\/wp\/v2\/comments?post=22395"}],"version-history":[{"count":1,"href":"https:\/\/www.actualidadadiario.com\/index.php\/wp-json\/wp\/v2\/posts\/22395\/revisions"}],"predecessor-version":[{"id":22397,"href":"https:\/\/www.actualidadadiario.com\/index.php\/wp-json\/wp\/v2\/posts\/22395\/revisions\/22397"}],"wp:featuredmedia":[{"embeddable":true,"href":"https:\/\/www.actualidadadiario.com\/index.php\/wp-json\/wp\/v2\/media\/22396"}],"wp:attachment":[{"href":"https:\/\/www.actualidadadiario.com\/index.php\/wp-json\/wp\/v2\/media?parent=22395"}],"wp:term":[{"taxonomy":"category","embeddable":true,"href":"https:\/\/www.actualidadadiario.com\/index.php\/wp-json\/wp\/v2\/categories?post=22395"},{"taxonomy":"post_tag","embeddable":true,"href":"https:\/\/www.actualidadadiario.com\/index.php\/wp-json\/wp\/v2\/tags?post=22395"}],"curies":[{"name":"wp","href":"https:\/\/api.w.org\/{rel}","templated":true}]}}