{"id":22383,"date":"2018-01-16T16:06:06","date_gmt":"2018-01-16T19:06:06","guid":{"rendered":"http:\/\/actualidadadiario.com\/site\/?p=22383"},"modified":"2018-11-06T19:49:59","modified_gmt":"2018-11-06T22:49:59","slug":"gobernadores-nea-con-macri-por-competitividad-maderera","status":"publish","type":"post","link":"https:\/\/www.actualidadadiario.com\/index.php\/2018\/01\/16\/gobernadores-nea-con-macri-por-competitividad-maderera\/","title":{"rendered":"Gobernadores NEA, con Macri por competitividad maderera"},"content":{"rendered":"<p><em><strong>En su regreso a la actividad en Buenos Aires, el presidente Mauricio Macri encabez\u00f3 el tercer encuentro de la Mesa de Competitividad Foresto-Industrial, que avanz\u00f3 con provincias del NEA en soluciones para el sector de la madera y sus derivados<\/strong><\/em><\/p>\n<p>&nbsp;<\/p>\n<p>&nbsp;<\/p>\n<p>&nbsp;<\/p>\n<p>&nbsp;<\/p>\n<p>En el encuentro en la Casa Rosada participaron los ministros de Agroindustria, Luis Miguel Etchevehere; del Interior, Rogelio Frigerio; de Producci\u00f3n, Francisco Cabrera; y de Ambiente, Sergio Bergman. Adem\u00e1s, los gobernadores de Entre R\u00edos, Gustavo Bordet, y de Corrientes, Gustavo Vald\u00e9s; el secretario del Agro y la Producci\u00f3n de Misiones, Jos\u00e9 Luis Garay, y de Agroindustria bonaerense, Leonardo Sarqu\u00eds.<\/p>\n<p>&nbsp;<\/p>\n<p>Entre los puntos abordados, se trat\u00f3 la pr\u00f3rroga de la Ley de Inversiones para Bosques Cultivados, sancionada en 1998, y que quedar\u00eda sin vigencia este a\u00f1o, y la promoci\u00f3n de la construcci\u00f3n de viviendas sociales hechas en madera, as\u00ed como tambi\u00e9n la generaci\u00f3n de energ\u00eda t\u00e9rmica y el\u00e9ctrica en biomasa.<\/p>\n<p>&nbsp;<\/p>\n<p>Tambi\u00e9n hubo un punteo sobre necesidades de mejoras en infraestructura y log\u00edstica, as\u00ed como inversiones de Celulosa y Papel.<\/p>\n<p>&nbsp;<\/p>\n<p>Adem\u00e1s, hubo pedidos de Entre R\u00edos por una Ley de la Madera; de Misiones por una Ley de Insalubridad de la Industria de Celulosa y de Papel; y de Buenos Aires, por reducci\u00f3n de tr\u00e1mites y revisi\u00f3n de cargas fiscales.<\/p>\n","protected":false},"excerpt":{"rendered":"<p>En su regreso a la actividad en Buenos Aires, el presidente Mauricio Macri encabez\u00f3 el tercer encuentro de la Mesa de Competitividad Foresto-Industrial, que avanz\u00f3 con provincias del NEA en soluciones para el sector de la madera y sus derivados &nbsp; &nbsp; &nbsp; &nbsp; En el encuentro en la Casa Rosada participaron los ministros de Agroindustria, Luis Miguel Etchevehere; del Interior, Rogelio Frigerio; de Producci\u00f3n, Francisco Cabrera; y de Ambiente, Sergio Bergman. Adem\u00e1s, los gobernadores de Entre R\u00edos, Gustavo Bordet, y de Corrientes, Gustavo Vald\u00e9s; el secretario del Agro y&#8230;<\/p>\n","protected":false},"author":3,"featured_media":22363,"comment_status":"closed","ping_status":"closed","sticky":false,"template":"","format":"standard","meta":[],"categories":[2],"tags":[],"_links":{"self":[{"href":"https:\/\/www.actualidadadiario.com\/index.php\/wp-json\/wp\/v2\/posts\/22383"}],"collection":[{"href":"https:\/\/www.actualidadadiario.com\/index.php\/wp-json\/wp\/v2\/posts"}],"about":[{"href":"https:\/\/www.actualidadadiario.com\/index.php\/wp-json\/wp\/v2\/types\/post"}],"author":[{"embeddable":true,"href":"https:\/\/www.actualidadadiario.com\/index.php\/wp-json\/wp\/v2\/users\/3"}],"replies":[{"embeddable":true,"href":"https:\/\/www.actualidadadiario.com\/index.php\/wp-json\/wp\/v2\/comments?post=22383"}],"version-history":[{"count":1,"href":"https:\/\/www.actualidadadiario.com\/index.php\/wp-json\/wp\/v2\/posts\/22383\/revisions"}],"predecessor-version":[{"id":22384,"href":"https:\/\/www.actualidadadiario.com\/index.php\/wp-json\/wp\/v2\/posts\/22383\/revisions\/22384"}],"wp:featuredmedia":[{"embeddable":true,"href":"https:\/\/www.actualidadadiario.com\/index.php\/wp-json\/wp\/v2\/media\/22363"}],"wp:attachment":[{"href":"https:\/\/www.actualidadadiario.com\/index.php\/wp-json\/wp\/v2\/media?parent=22383"}],"wp:term":[{"taxonomy":"category","embeddable":true,"href":"https:\/\/www.actualidadadiario.com\/index.php\/wp-json\/wp\/v2\/categories?post=22383"},{"taxonomy":"post_tag","embeddable":true,"href":"https:\/\/www.actualidadadiario.com\/index.php\/wp-json\/wp\/v2\/tags?post=22383"}],"curies":[{"name":"wp","href":"https:\/\/api.w.org\/{rel}","templated":true}]}}