{"id":22380,"date":"2018-01-16T16:05:25","date_gmt":"2018-01-16T19:05:25","guid":{"rendered":"http:\/\/actualidadadiario.com\/site\/?p=22380"},"modified":"2018-11-06T19:51:59","modified_gmt":"2018-11-06T22:51:59","slug":"ratifican-que-la-planta-en-azul-de-fabricaciones-militares-no-volvera-a-operar","status":"publish","type":"post","link":"https:\/\/www.actualidadadiario.com\/index.php\/2018\/01\/16\/ratifican-que-la-planta-en-azul-de-fabricaciones-militares-no-volvera-a-operar\/","title":{"rendered":"Ratifican que la planta en Azul de Fabricaciones Militares no volver\u00e1 a operar"},"content":{"rendered":"<p><em><strong>El interventor de Fabricaciones Militares, Luis Riva, ratific\u00f3 que la planta de la empresa en Azul no volver\u00e1 a operar tras su cierre el 28 de diciembre pasado. &#8220;Queda clara la situaci\u00f3n de la planta Azul cuyo \u00faltimo d\u00eda de producci\u00f3n fue el 28 de diciembre de 2017. A partir de esa fecha s\u00f3lo se est\u00e1n haciendo tareas de mantenimiento y seguridad&#8221;, se\u00f1al\u00f3<\/strong><\/em><\/p>\n<p>&nbsp;<\/p>\n<p>&nbsp;<\/p>\n<p>&nbsp;<\/p>\n<p>&nbsp;<\/p>\n<p>El funcionario nacional se pronunci\u00f3 de esa forma en una carta dirigida al Concejo Deliberante de Azul, seg\u00fan public\u00f3 el diario El Tiempo, de esa localidad.<\/p>\n<p>&nbsp;<\/p>\n<p>&#8220;Es sin duda un motivo de preocupaci\u00f3n la p\u00e9rdida de numerosos empleos y algunos trabajos que proporcionaba la Planta de Azul de Fabricaciones Militares. Por ello hemos accedido a participar de una mesa de di\u00e1logo para colaborar con la sociedad azule\u00f1a en la b\u00fasqueda de formas de facilitar la generaci\u00f3n de trabajo genuino en la regi\u00f3n&#8221;, se\u00f1al\u00f3 Riva.<\/p>\n<p>&nbsp;<\/p>\n<p>Adem\u00e1s, el funcionario indic\u00f3 que Fabricaciones Militares &#8220;ver\u00e1 las formas de poner a disposici\u00f3n activos que tiene en la zona, para generar proyectos en los que, dirigidos por sectores privados o p\u00fablicos, con inversores interesados en los mismo, pueda participar con aportes de activos que pueden ser utilizados para concretarlos&#8221;.<\/p>\n<p>&nbsp;<\/p>\n<p>Riva justific\u00f3 el cierre de la planta al se\u00f1alar que su responsabilidad es &#8220;velar por el conjunto de la empresa&#8221;, que dispone de instalaciones en distintos puntos del pa\u00eds.<\/p>\n<p>&nbsp;<\/p>\n<p>Se\u00f1al\u00f3 que la intenci\u00f3n del Gobierno nacional es que la empresa sea &#8220;innovadora, productiva, viable&#8221;, de manera que &#8220;provea bienes de calidad en importantes y estrat\u00e9gicos sectores de mercado&#8221;.<\/p>\n<p>&nbsp;<\/p>\n<p>&#8220;La situaci\u00f3n que afecta hoy a la sociedad de Azul es parte de ese proceso que sin duda ser\u00e1 beneficioso para el pa\u00eds en su conjunto&#8221;, agreg\u00f3.<\/p>\n","protected":false},"excerpt":{"rendered":"<p>El interventor de Fabricaciones Militares, Luis Riva, ratific\u00f3 que la planta de la empresa en Azul no volver\u00e1 a operar tras su cierre el 28 de diciembre pasado. &#8220;Queda clara la situaci\u00f3n de la planta Azul cuyo \u00faltimo d\u00eda de producci\u00f3n fue el 28 de diciembre de 2017. A partir de esa fecha s\u00f3lo se est\u00e1n haciendo tareas de mantenimiento y seguridad&#8221;, se\u00f1al\u00f3 &nbsp; &nbsp; &nbsp; &nbsp; El funcionario nacional se pronunci\u00f3 de esa forma en una carta dirigida al Concejo Deliberante de Azul, seg\u00fan public\u00f3 el diario El Tiempo,&#8230;<\/p>\n","protected":false},"author":3,"featured_media":22381,"comment_status":"closed","ping_status":"closed","sticky":false,"template":"","format":"standard","meta":[],"categories":[2],"tags":[],"_links":{"self":[{"href":"https:\/\/www.actualidadadiario.com\/index.php\/wp-json\/wp\/v2\/posts\/22380"}],"collection":[{"href":"https:\/\/www.actualidadadiario.com\/index.php\/wp-json\/wp\/v2\/posts"}],"about":[{"href":"https:\/\/www.actualidadadiario.com\/index.php\/wp-json\/wp\/v2\/types\/post"}],"author":[{"embeddable":true,"href":"https:\/\/www.actualidadadiario.com\/index.php\/wp-json\/wp\/v2\/users\/3"}],"replies":[{"embeddable":true,"href":"https:\/\/www.actualidadadiario.com\/index.php\/wp-json\/wp\/v2\/comments?post=22380"}],"version-history":[{"count":1,"href":"https:\/\/www.actualidadadiario.com\/index.php\/wp-json\/wp\/v2\/posts\/22380\/revisions"}],"predecessor-version":[{"id":22382,"href":"https:\/\/www.actualidadadiario.com\/index.php\/wp-json\/wp\/v2\/posts\/22380\/revisions\/22382"}],"wp:featuredmedia":[{"embeddable":true,"href":"https:\/\/www.actualidadadiario.com\/index.php\/wp-json\/wp\/v2\/media\/22381"}],"wp:attachment":[{"href":"https:\/\/www.actualidadadiario.com\/index.php\/wp-json\/wp\/v2\/media?parent=22380"}],"wp:term":[{"taxonomy":"category","embeddable":true,"href":"https:\/\/www.actualidadadiario.com\/index.php\/wp-json\/wp\/v2\/categories?post=22380"},{"taxonomy":"post_tag","embeddable":true,"href":"https:\/\/www.actualidadadiario.com\/index.php\/wp-json\/wp\/v2\/tags?post=22380"}],"curies":[{"name":"wp","href":"https:\/\/api.w.org\/{rel}","templated":true}]}}