{"id":22374,"date":"2018-01-16T16:03:34","date_gmt":"2018-01-16T19:03:34","guid":{"rendered":"http:\/\/actualidadadiario.com\/site\/?p=22374"},"modified":"2018-11-06T19:49:44","modified_gmt":"2018-11-06T22:49:44","slug":"estudiantes-de-14-anos-de-los-liceos-aprenderan-a-usar-armas-letales","status":"publish","type":"post","link":"https:\/\/www.actualidadadiario.com\/index.php\/2018\/01\/16\/estudiantes-de-14-anos-de-los-liceos-aprenderan-a-usar-armas-letales\/","title":{"rendered":"Estudiantes de 14 a\u00f1os de los liceos aprender\u00e1n a usar armas letales"},"content":{"rendered":"<p><em><strong>Una resoluci\u00f3n firmada por el titular de la cartera, Oscar Aguad, dej\u00f3 sin efecto el Plan de Liceos 2010 creado durante el gobierno de Cristina Fern\u00e1ndez de Kirchner, que conten\u00eda este resguardo. La medida hab\u00eda obtenido un reconocimiento especial del Comit\u00e9 de los Derechos del Ni\u00f1o<\/strong><\/em><\/p>\n<p>&nbsp;<\/p>\n<p>&nbsp;<\/p>\n<p>&nbsp;<\/p>\n<p>Por decisi\u00f3n del Ministerio de Defensa, se reimplant\u00f3 la instrucci\u00f3n en armamento letal a los alumnos de 14 a\u00f1os de los liceos. El ministro Oscar Aguad dej\u00f3 sin efecto el Plan de Liceos establecido durante el gobierno de Cristina Kirchner que hab\u00eda merecido un reconocimiento de la ONU.<\/p>\n<p>&nbsp;<\/p>\n<p>La resoluci\u00f3n descarta el programa de modernizaci\u00f3n en los liceos, que hab\u00eda obtenido un reconocimiento especial del Comit\u00e9 de los Derechos del Ni\u00f1o, el \u00f3rgano de Naciones Unidas que supervisa el cumplimiento de la Convenci\u00f3n de los Derechos del Ni\u00f1o. Junto con el elogio, el Comit\u00e9 hab\u00eda indicado al estado argentino que todav\u00eda faltaba, inst\u00e1ndolo a elevar de 17 a los 18 a\u00f1os la edad m\u00ednima para la instrucci\u00f3n con armas de fuego.<\/p>\n<p>&nbsp;<\/p>\n<p>Adem\u00e1s, la resoluci\u00f3n firmada por Aguad (N\u00ba 1270\/2017) deroga otra serie de puntos, como la externaci\u00f3n de los alumnos, la posibilidad de que compartieran las aulas con chicos que no cumplen el r\u00e9gimen de internado, la eliminaci\u00f3n de la catequesis como materia obligatoria o que proteg\u00edan el derecho de los alumnos a decidir si quer\u00edan integrar la Reserva.<\/p>\n<p>&nbsp;<\/p>\n<p>La medida tomada por Aguad establece que desde el tercer a\u00f1o del liceo los alumnos volver\u00e1n a recibir instrucci\u00f3n con carabinas calibre 22. A trav\u00e9s de la Resoluci\u00f3n 1270\/2017 \u201cuno de los prop\u00f3sitos de la creaci\u00f3n de los liceos militares fue contribuir a la formaci\u00f3n del personal de la Reserva\u201d.<\/p>\n<p>&nbsp;<\/p>\n<p>Cabe recordar que la creaci\u00f3n del primer liceo militar viene de esa \u00e9poca, la de la llamada D\u00e9cada Infame. El general Agust\u00edn P.Justo dispuso en su car\u00e1cter de presidente la apertura del primer Liceo Militar.<\/p>\n","protected":false},"excerpt":{"rendered":"<p>Una resoluci\u00f3n firmada por el titular de la cartera, Oscar Aguad, dej\u00f3 sin efecto el Plan de Liceos 2010 creado durante el gobierno de Cristina Fern\u00e1ndez de Kirchner, que conten\u00eda este resguardo. La medida hab\u00eda obtenido un reconocimiento especial del Comit\u00e9 de los Derechos del Ni\u00f1o &nbsp; &nbsp; &nbsp; Por decisi\u00f3n del Ministerio de Defensa, se reimplant\u00f3 la instrucci\u00f3n en armamento letal a los alumnos de 14 a\u00f1os de los liceos. El ministro Oscar Aguad dej\u00f3 sin efecto el Plan de Liceos establecido durante el gobierno de Cristina Kirchner que&#8230;<\/p>\n","protected":false},"author":3,"featured_media":22375,"comment_status":"closed","ping_status":"closed","sticky":false,"template":"","format":"standard","meta":[],"categories":[2],"tags":[],"_links":{"self":[{"href":"https:\/\/www.actualidadadiario.com\/index.php\/wp-json\/wp\/v2\/posts\/22374"}],"collection":[{"href":"https:\/\/www.actualidadadiario.com\/index.php\/wp-json\/wp\/v2\/posts"}],"about":[{"href":"https:\/\/www.actualidadadiario.com\/index.php\/wp-json\/wp\/v2\/types\/post"}],"author":[{"embeddable":true,"href":"https:\/\/www.actualidadadiario.com\/index.php\/wp-json\/wp\/v2\/users\/3"}],"replies":[{"embeddable":true,"href":"https:\/\/www.actualidadadiario.com\/index.php\/wp-json\/wp\/v2\/comments?post=22374"}],"version-history":[{"count":1,"href":"https:\/\/www.actualidadadiario.com\/index.php\/wp-json\/wp\/v2\/posts\/22374\/revisions"}],"predecessor-version":[{"id":22376,"href":"https:\/\/www.actualidadadiario.com\/index.php\/wp-json\/wp\/v2\/posts\/22374\/revisions\/22376"}],"wp:featuredmedia":[{"embeddable":true,"href":"https:\/\/www.actualidadadiario.com\/index.php\/wp-json\/wp\/v2\/media\/22375"}],"wp:attachment":[{"href":"https:\/\/www.actualidadadiario.com\/index.php\/wp-json\/wp\/v2\/media?parent=22374"}],"wp:term":[{"taxonomy":"category","embeddable":true,"href":"https:\/\/www.actualidadadiario.com\/index.php\/wp-json\/wp\/v2\/categories?post=22374"},{"taxonomy":"post_tag","embeddable":true,"href":"https:\/\/www.actualidadadiario.com\/index.php\/wp-json\/wp\/v2\/tags?post=22374"}],"curies":[{"name":"wp","href":"https:\/\/api.w.org\/{rel}","templated":true}]}}