{"id":22368,"date":"2018-01-16T16:01:55","date_gmt":"2018-01-16T19:01:55","guid":{"rendered":"http:\/\/actualidadadiario.com\/site\/?p=22368"},"modified":"2018-11-06T19:50:12","modified_gmt":"2018-11-06T22:50:12","slug":"jubilados-como-tramitar-la-exencion-del-inmobiliario-provincial","status":"publish","type":"post","link":"https:\/\/www.actualidadadiario.com\/index.php\/2018\/01\/16\/jubilados-como-tramitar-la-exencion-del-inmobiliario-provincial\/","title":{"rendered":"Jubilados: C\u00f3mo tramitar la exenci\u00f3n del inmobiliario provincial"},"content":{"rendered":"<p><em><strong>Tras el anuncio del gobierno provincial, desde ATER dieron detalles de los requisitos para la tramitaci\u00f3n y alcances del beneficio para jubilados y pensionados nacionales y provinciales, de menores recursos<\/strong><\/em><\/p>\n<p>&nbsp;<\/p>\n<p>&nbsp;<\/p>\n<p>&nbsp;<\/p>\n<p>En el marco del reciente anuncio del gobernador Gustavo Bordet de eximir del impuesto Inmobiliario a jubilados y pensionados de menores recursos y titulares de \u00fanica propiedad, desde la Administradora Tributaria de Entre R\u00edos (ATER) dieron detalles de los requisitos para la tramitaci\u00f3n y alcances del beneficio.<\/p>\n<p>&nbsp;<\/p>\n<p>Desde el \u00e1rea de Impuestos de la Administradora Tributaria, se\u00f1alaron que de acuerdo con la normativa vigente se encuentran comprendidos en el beneficio todos aquellos jubilados y pensionados (nacionales y provinciales) titulares de una \u00fanica propiedad, y que residan en ella, con ingresos mensuales por grupo conviviente de hasta 17.000 pesos brutos.<\/p>\n<p>&nbsp;<\/p>\n<p>Adem\u00e1s, se\u00f1alaron que la propiedad de referencia deber\u00e1 encontrarse al d\u00eda con el impuesto, pudiendo suscribir un plan de pago en el momento si fuera necesario, y la tramitaci\u00f3n del beneficio se deber\u00e1 realizar en forma presencial o mediante apoderado, en cualquiera de las oficinas de Representaci\u00f3n Territorial de la ATER de acuerdo al siguiente esquema de documentaci\u00f3n:<\/p>\n<p>&nbsp;<\/p>\n<p>&#8211; DNI y fotocopia del DNI del beneficiario solicitante<\/p>\n<p>&nbsp;<\/p>\n<p>&#8211; Constancia de CUIT \/ CUIL \/ CDI del grupo conviviente<\/p>\n<p>&nbsp;<\/p>\n<p>&#8211; Copia del \u00faltimo aviso de vencimiento del impuesto.<\/p>\n<p>&nbsp;<\/p>\n<p>&#8211; Fotocopia del \u00faltimo recibo de sueldo y toda otra documentaci\u00f3n que justifique ingresos del solicitante y su grupo familiar (DD.JJ Ingresos Brutos, Profesiones Liberales, Constancia de Monotributo, etc.)<\/p>\n<p>&nbsp;<\/p>\n<p>&#8211; Certificado de vecindad extendido por autoridad policial: para inmuebles urbanos o, en caso de corresponder, certificado policial donde conste que el contribuyente vive de manera permanente en el inmueble rural y\/o un servicio a nombre del beneficiario donde conste el domicilio del inmueble.<\/p>\n<p>&nbsp;<\/p>\n<p>Tambi\u00e9n, se\u00f1alaron que en la web del organismo (www.ater.gob.ar) se encuentran disponibles los requisitos y formularios para aquellos casos de contribuyentes que requieran un tratamiento especial: como el caso de jubilados usufructuarios de viviendas, casos de viudez; requisitos para la gesti\u00f3n mediante apoderados, entre otros.<\/p>\n<p>&nbsp;<\/p>\n<p>Por otro lado, de cumplirse con los requisitos fijados en la Ley, la exenci\u00f3n tiene una validez de dos a\u00f1os con renovaci\u00f3n sujeta a una actualizaci\u00f3n de datos.<\/p>\n<p>&nbsp;<\/p>\n<p>&nbsp;<\/p>\n<p><strong>Reempadronamiento 2016<\/strong><\/p>\n<p>En simult\u00e1neo, aclararon que para aquellos Jubilados y Pensionados que entre Octubre de 2016 y Diciembre de 2017, hayan realizado el tr\u00e1mite de empadronamiento o reempadronamiento en el marco del otorgamiento del 50% de la exenci\u00f3n, se les extender\u00e1 autom\u00e1ticamente el beneficio al 100% no debiendo concurrir ni realizar tr\u00e1mite alguno hasta haber transcurrido el periodo de dos a\u00f1os.<\/p>\n<p>&nbsp;<\/p>\n<p>&nbsp;<\/p>\n<p><strong>Asesoramiento telef\u00f3nico <\/strong><\/p>\n<p>Finalmente, invitaron a los contribuyentes o familiares a asesorarse de forma gratuita a trav\u00e9s de la l\u00ednea de Atenci\u00f3n al Contribuyente, llamando al 0810-888-2837 de lunes a viernes de 8 a 13, o por correo electr\u00f3nico a consultas@ater.gob.ar<\/p>\n","protected":false},"excerpt":{"rendered":"<p>Tras el anuncio del gobierno provincial, desde ATER dieron detalles de los requisitos para la tramitaci\u00f3n y alcances del beneficio para jubilados y pensionados nacionales y provinciales, de menores recursos &nbsp; &nbsp; &nbsp; En el marco del reciente anuncio del gobernador Gustavo Bordet de eximir del impuesto Inmobiliario a jubilados y pensionados de menores recursos y titulares de \u00fanica propiedad, desde la Administradora Tributaria de Entre R\u00edos (ATER) dieron detalles de los requisitos para la tramitaci\u00f3n y alcances del beneficio. &nbsp; Desde el \u00e1rea de Impuestos de la Administradora Tributaria,&#8230;<\/p>\n","protected":false},"author":3,"featured_media":22369,"comment_status":"closed","ping_status":"closed","sticky":false,"template":"","format":"standard","meta":[],"categories":[9,15],"tags":[],"_links":{"self":[{"href":"https:\/\/www.actualidadadiario.com\/index.php\/wp-json\/wp\/v2\/posts\/22368"}],"collection":[{"href":"https:\/\/www.actualidadadiario.com\/index.php\/wp-json\/wp\/v2\/posts"}],"about":[{"href":"https:\/\/www.actualidadadiario.com\/index.php\/wp-json\/wp\/v2\/types\/post"}],"author":[{"embeddable":true,"href":"https:\/\/www.actualidadadiario.com\/index.php\/wp-json\/wp\/v2\/users\/3"}],"replies":[{"embeddable":true,"href":"https:\/\/www.actualidadadiario.com\/index.php\/wp-json\/wp\/v2\/comments?post=22368"}],"version-history":[{"count":1,"href":"https:\/\/www.actualidadadiario.com\/index.php\/wp-json\/wp\/v2\/posts\/22368\/revisions"}],"predecessor-version":[{"id":22370,"href":"https:\/\/www.actualidadadiario.com\/index.php\/wp-json\/wp\/v2\/posts\/22368\/revisions\/22370"}],"wp:featuredmedia":[{"embeddable":true,"href":"https:\/\/www.actualidadadiario.com\/index.php\/wp-json\/wp\/v2\/media\/22369"}],"wp:attachment":[{"href":"https:\/\/www.actualidadadiario.com\/index.php\/wp-json\/wp\/v2\/media?parent=22368"}],"wp:term":[{"taxonomy":"category","embeddable":true,"href":"https:\/\/www.actualidadadiario.com\/index.php\/wp-json\/wp\/v2\/categories?post=22368"},{"taxonomy":"post_tag","embeddable":true,"href":"https:\/\/www.actualidadadiario.com\/index.php\/wp-json\/wp\/v2\/tags?post=22368"}],"curies":[{"name":"wp","href":"https:\/\/api.w.org\/{rel}","templated":true}]}}