{"id":22365,"date":"2018-01-16T15:59:53","date_gmt":"2018-01-16T18:59:53","guid":{"rendered":"http:\/\/actualidadadiario.com\/site\/?p=22365"},"modified":"2018-11-06T19:50:02","modified_gmt":"2018-11-06T22:50:02","slug":"granetto-la-recaudacion-en-entre-rios-crecio-4032-durante-2017","status":"publish","type":"post","link":"https:\/\/www.actualidadadiario.com\/index.php\/2018\/01\/16\/granetto-la-recaudacion-en-entre-rios-crecio-4032-durante-2017\/","title":{"rendered":"Granetto: &#8220;La recaudaci\u00f3n en Entre R\u00edos creci\u00f3 40,32 % durante 2017&#8221;"},"content":{"rendered":"<p><em><strong>El titular de ATER atribuy\u00f3 la suba &#8220;a una mejora en las cobranzas, sobre todo a grandes contribuyentes&#8221;. Adelant\u00f3 que habr\u00e1 un cruce de datos con el municipio para incorporar mejoras no declaradas en Paran\u00e1<\/strong><\/em><\/p>\n<p>&nbsp;<\/p>\n<p>&nbsp;<\/p>\n<p>&nbsp;<\/p>\n<p>&nbsp;<\/p>\n<p>El director ejecutivo de la ATER, Sergio Granetto, ratific\u00f3 que la suba de los impuestos Inmobiliario y Automotor &#8220;se manejar\u00e1n en t\u00e9rminos de inflaci\u00f3n&#8221;, tal como lo adelant\u00f3 la semana pasada el gobernador, Gustavo Bordet. &#8220;Se est\u00e1n haciendo los estudios t\u00e9cnicos de rigor para establecer esta medida&#8221;, expres\u00f3 el funcionario, quien apunt\u00f3 que las subas en el caso del Inmobiliario &#8220;se establece en funci\u00f3n de lo que cuesta el metro cuadrado de construcci\u00f3n y en el caso del Automotor de acuerdo a las tablas que nos pasan de la Superintendencia de Seguros de la Naci\u00f3n.&#8221;<\/p>\n<p>&nbsp;<\/p>\n<p>&nbsp;<\/p>\n<p><strong>Suba de la recaudaci\u00f3n<\/strong><\/p>\n<p>Granetto destac\u00f3 que &#8220;la recaudaci\u00f3n de 2017 de Entre R\u00edos cerr\u00f3 con un 40,32 por ciento de incremento, lo cual quiere decir que est\u00e1 por sobre la pauta de inflaci\u00f3n y el comportamiento de AFIP, al tiempo que ubica a nuestra provincia como una de las primeras a nivel nacional, en un contexto econ\u00f3mico muy complejo. Esto se explica por una mejora en las cobranzas, sobre todo a grandes contribuyentes&#8221;.<\/p>\n<p>En ese marco, el funcionario resalt\u00f3 el proceso de cobranzas y acot\u00f3 que &#8220;en cada localidad, cada jefe de ATER tiene la responsabilidad de hacer todo lo que est\u00e1 a su alcance para cobrarle a los grandes contribuyentes&#8221;.<\/p>\n<p>&nbsp;<\/p>\n<p>&#8220;El trabajo ha sido muy met\u00f3dico porque hab\u00eda empresas que permanentemente solicitaban planes y los incumpl\u00edan. Cuando una persona debe 7.000 o 10.000 pesos y recibe una intimaci\u00f3n, tenga en claro que quien debe 7 millones la recibi\u00f3 antes&#8221;, sostuvo el titular de ATER, quien manifest\u00f3 que por el momento no hay previstas moratorias.<\/p>\n<p>&nbsp;<\/p>\n<p>&nbsp;<\/p>\n<p><strong>Cruce de datos en Paran\u00e1<\/strong><\/p>\n<p>Por otra parte, se\u00f1al\u00f3 que &#8220;ahora se est\u00e1 cruzando la base catastral que tiene la ciudad de Paran\u00e1 con al que tiene la provincia. Estimamos que con el segundo anticipo del Impuesto Inmobiliario estaremos incorporando unos 23 millones de pesos&#8221;.<\/p>\n<p>&nbsp;<\/p>\n<p>&nbsp;<\/p>\n<p><strong>Exenci\u00f3n del inmobiliario provincial para jubilados<\/strong><\/p>\n<p>Desde ATER, en la v\u00edspera dieron detalles de los requisitos para la tramitaci\u00f3n y alcances del beneficio para jubilados y pensionados nacionales y provinciales, de menores recursos.<\/p>\n<p>&nbsp;<\/p>\n<p>Sobre ello, Granetto afirm\u00f3 que esto &#8220;se financia con los metros cuadrados de mejoras no declaradas que se han ido incorporando a trav\u00e9s de diversos operativos catastrales desarrollados con municipios&#8221;.<\/p>\n","protected":false},"excerpt":{"rendered":"<p>El titular de ATER atribuy\u00f3 la suba &#8220;a una mejora en las cobranzas, sobre todo a grandes contribuyentes&#8221;. Adelant\u00f3 que habr\u00e1 un cruce de datos con el municipio para incorporar mejoras no declaradas en Paran\u00e1 &nbsp; &nbsp; &nbsp; &nbsp; El director ejecutivo de la ATER, Sergio Granetto, ratific\u00f3 que la suba de los impuestos Inmobiliario y Automotor &#8220;se manejar\u00e1n en t\u00e9rminos de inflaci\u00f3n&#8221;, tal como lo adelant\u00f3 la semana pasada el gobernador, Gustavo Bordet. &#8220;Se est\u00e1n haciendo los estudios t\u00e9cnicos de rigor para establecer esta medida&#8221;, expres\u00f3 el funcionario, quien&#8230;<\/p>\n","protected":false},"author":3,"featured_media":22366,"comment_status":"closed","ping_status":"closed","sticky":false,"template":"","format":"standard","meta":[],"categories":[15],"tags":[],"_links":{"self":[{"href":"https:\/\/www.actualidadadiario.com\/index.php\/wp-json\/wp\/v2\/posts\/22365"}],"collection":[{"href":"https:\/\/www.actualidadadiario.com\/index.php\/wp-json\/wp\/v2\/posts"}],"about":[{"href":"https:\/\/www.actualidadadiario.com\/index.php\/wp-json\/wp\/v2\/types\/post"}],"author":[{"embeddable":true,"href":"https:\/\/www.actualidadadiario.com\/index.php\/wp-json\/wp\/v2\/users\/3"}],"replies":[{"embeddable":true,"href":"https:\/\/www.actualidadadiario.com\/index.php\/wp-json\/wp\/v2\/comments?post=22365"}],"version-history":[{"count":1,"href":"https:\/\/www.actualidadadiario.com\/index.php\/wp-json\/wp\/v2\/posts\/22365\/revisions"}],"predecessor-version":[{"id":22367,"href":"https:\/\/www.actualidadadiario.com\/index.php\/wp-json\/wp\/v2\/posts\/22365\/revisions\/22367"}],"wp:featuredmedia":[{"embeddable":true,"href":"https:\/\/www.actualidadadiario.com\/index.php\/wp-json\/wp\/v2\/media\/22366"}],"wp:attachment":[{"href":"https:\/\/www.actualidadadiario.com\/index.php\/wp-json\/wp\/v2\/media?parent=22365"}],"wp:term":[{"taxonomy":"category","embeddable":true,"href":"https:\/\/www.actualidadadiario.com\/index.php\/wp-json\/wp\/v2\/categories?post=22365"},{"taxonomy":"post_tag","embeddable":true,"href":"https:\/\/www.actualidadadiario.com\/index.php\/wp-json\/wp\/v2\/tags?post=22365"}],"curies":[{"name":"wp","href":"https:\/\/api.w.org\/{rel}","templated":true}]}}