{"id":22362,"date":"2018-01-16T15:59:00","date_gmt":"2018-01-16T18:59:00","guid":{"rendered":"http:\/\/actualidadadiario.com\/site\/?p=22362"},"modified":"2018-11-06T19:48:01","modified_gmt":"2018-11-06T22:48:01","slug":"bordet-participo-de-un-nuevo-encuentro-de-la-mesa-de-competitividad-foresto-industrial-nacional","status":"publish","type":"post","link":"https:\/\/www.actualidadadiario.com\/index.php\/2018\/01\/16\/bordet-participo-de-un-nuevo-encuentro-de-la-mesa-de-competitividad-foresto-industrial-nacional\/","title":{"rendered":"Bordet particip\u00f3 de un nuevo encuentro de la Mesa de Competitividad Foresto-Industrial nacional"},"content":{"rendered":"<p><em><strong>En una reuni\u00f3n encabezada por el presidente Mauricio Macri; los gobernadores de Entre R\u00edos y Corrientes abordaron el desarrollo sustentable de esta cadena de valor<\/strong><\/em><\/p>\n<p>&nbsp;<\/p>\n<p>&nbsp;<\/p>\n<p>&nbsp;<\/p>\n<p>&nbsp;<\/p>\n<p>El presidente estuvo acompa\u00f1ado por los ministros de Agroindustria, Luis Miguel Etchevehere; de Interior, Rogelio Frigerio; de Producci\u00f3n, Francisco Cabrera; y de Ambiente, Sergio Bergman.<\/p>\n<p>&nbsp;<\/p>\n<p>Acompa\u00f1\u00f3 al gobernador entrerriano, el secretario de Producci\u00f3n Alvaro Gab\u00e1s, quien destaco que: \u201cel sector foresto en la provincia es muy importante sobre todo en su desarrollo de valor. Por pedido de Gustavo Bordet como de cada uno de los intervinientes de esta cadena de producci\u00f3n, con los cuales nos hemos estado reuniendo, y lo volveremos a hacer en Concordia este viernes, elevamos los pedidos que consideramos pertinentes a tratar en esta mesa. Uno de ellos puntualmente es la reducci\u00f3n de costos que tanto nos reclama el sector\u201d<\/p>\n<p>&nbsp;<\/p>\n<p>A su vez, resalt\u00f3 la importancia de activar el sector foresto-industrial, ya que \u201ces una actividad productiva de vital importancia para la generaci\u00f3n de puestos de trabajo genuinos, como tambi\u00e9n es una herramienta para paliar el d\u00e9ficit habitacional a trav\u00e9s de las viviendas de madera\u201d finalizo el funcionario.<\/p>\n<p>&nbsp;<\/p>\n<p>\u201cNosotros como gobierno seguiremos apoyando e impulsando la industria, destacando de la misma la necesidad de trabajar mancomunadamente entre el Estado y el sector privado\u201d, se\u00f1al\u00f3 el funcionario provincial.<\/p>\n<p>&nbsp;<\/p>\n<p>\u201cLa intenci\u00f3n es articular pol\u00edticas productivas, energ\u00e9ticas y de infraestructura tanto para el transporte interno de la producci\u00f3n como para su posterior exportaci\u00f3n; mejorar la generaci\u00f3n de informaci\u00f3n y estad\u00edsticas provinciales relacionadas con la actividad productiva; y potenciar el agregado de valor como estrategia para generaci\u00f3n de empleo y desarrollo de las Pymes entrerrianas, entre otros ejes para en este caso la forestoindustria\u201d, se\u00f1al\u00f3 el funcionario.<\/p>\n<p>&nbsp;<\/p>\n<p>De la reuni\u00f3n participaron representantes de toda la cadena, c\u00e1maras empresariales, asociaciones, gremios, empresas, federaciones y entidades del sector, del Instituto Nacional de Tecnolog\u00eda Industrial (INTI); del Ministerio de Hacienda, de Transporte, de Producci\u00f3n, Jefatura de Gabinete de Ministros y dem\u00e1s funcionarios y autoridades.<\/p>\n<p>&nbsp;<\/p>\n<p>&nbsp;<\/p>\n<p><strong>Acciones que se destacaron en el encuentro: <\/strong><\/p>\n<ul>\n<li>Bitrenes e hidrov\u00edas: Se habilita la configuraci\u00f3n de bitrenes hasta 30,25 m. Permite su circulaci\u00f3n en determinados corredores viales, beneficiando a las econom\u00edas regionales, al igual que en la hidrov\u00eda, se facilit\u00f3 y flexibiliz\u00f3 la contrataci\u00f3n de remolcadores.<\/li>\n<\/ul>\n<p>&nbsp;<\/p>\n<ul>\n<li>Ley de la Marina Mercante: el 29\/11\/2017, se aprob\u00f3 la nueva Ley 27.419, de Desarrollo de Marina Mercante Nacional y la Integraci\u00f3n Fluvial Regional.<\/li>\n<\/ul>\n<p>&nbsp;<\/p>\n<ul>\n<li>Ley de Cabotaje: DNU 27\/18 sustituye al art. 6 dotando de mayor dinamismo<\/li>\n<\/ul>\n<p>&nbsp;<\/p>\n<ul>\n<li>A partir del 1\/1\/18 el sector forestal no paga High Cube (HC) en BACTSA (195 usd\/ contenedor) y se realiza el escaneo al 45% (se redujo el costo de 190 a 85 usd\/contenedor). Pr\u00f3ximamente se buscar\u00e1 reducir al 10%.<\/li>\n<\/ul>\n<p>&nbsp;<\/p>\n<p>Se elimin\u00f3 el TAP (Transporte Argentino Protegido) cuyo costo era de 67 usd +IVA por container. Adem\u00e1s hubo una reducci\u00f3n del ZAP (ex CTVP-certificado de tr\u00e1nsito vehicular portuario), que baj\u00f3 de 16 a 10 usd +IVA por conteiner certificado.<\/p>\n<p>&nbsp;<\/p>\n<ul>\n<li>Construcci\u00f3n en madera: El Ministerio del Interior, Obras P\u00fablicas y Vivienda, firm\u00f3 una resoluci\u00f3n para que el Sistema de Construcci\u00f3n de Entramado de Madera para uso de estructuras portantes de edificios sea calificado como un sistema constructivo.<\/li>\n<\/ul>\n<p>&nbsp;<\/p>\n<ul>\n<li>Madera y Muebles: Se realiz\u00f3 un acuerdo sectorial entre el Ministerio de Producci\u00f3n y FAIMA.<\/li>\n<\/ul>\n<p>&nbsp;<\/p>\n<ul>\n<li>Banco Naci\u00f3n y el Banco Hipotecario aprobaron l\u00edneas hipotecarias para la construcci\u00f3n con madera.<\/li>\n<\/ul>\n<p>&nbsp;<\/p>\n<ul>\n<li>Se elimin\u00f3 ingresos brutos de las exportaciones en Misiones.<\/li>\n<\/ul>\n<p>&nbsp;<\/p>\n<p>Derogaci\u00f3n de la Ley de la Madera en Entre R\u00edos.<\/p>\n<p>&nbsp;<\/p>\n<ul>\n<li>Se adjudicaron en total en el Programa RenovAR proyectos de generaci\u00f3n de energ\u00eda el\u00e9ctrica a partir de biomasa forestal por 127, 02 MW.<\/li>\n<\/ul>\n","protected":false},"excerpt":{"rendered":"<p>En una reuni\u00f3n encabezada por el presidente Mauricio Macri; los gobernadores de Entre R\u00edos y Corrientes abordaron el desarrollo sustentable de esta cadena de valor &nbsp; &nbsp; &nbsp; &nbsp; El presidente estuvo acompa\u00f1ado por los ministros de Agroindustria, Luis Miguel Etchevehere; de Interior, Rogelio Frigerio; de Producci\u00f3n, Francisco Cabrera; y de Ambiente, Sergio Bergman. &nbsp; Acompa\u00f1\u00f3 al gobernador entrerriano, el secretario de Producci\u00f3n Alvaro Gab\u00e1s, quien destaco que: \u201cel sector foresto en la provincia es muy importante sobre todo en su desarrollo de valor. Por pedido de Gustavo Bordet como&#8230;<\/p>\n","protected":false},"author":3,"featured_media":22391,"comment_status":"closed","ping_status":"closed","sticky":false,"template":"","format":"standard","meta":[],"categories":[9,15],"tags":[],"_links":{"self":[{"href":"https:\/\/www.actualidadadiario.com\/index.php\/wp-json\/wp\/v2\/posts\/22362"}],"collection":[{"href":"https:\/\/www.actualidadadiario.com\/index.php\/wp-json\/wp\/v2\/posts"}],"about":[{"href":"https:\/\/www.actualidadadiario.com\/index.php\/wp-json\/wp\/v2\/types\/post"}],"author":[{"embeddable":true,"href":"https:\/\/www.actualidadadiario.com\/index.php\/wp-json\/wp\/v2\/users\/3"}],"replies":[{"embeddable":true,"href":"https:\/\/www.actualidadadiario.com\/index.php\/wp-json\/wp\/v2\/comments?post=22362"}],"version-history":[{"count":1,"href":"https:\/\/www.actualidadadiario.com\/index.php\/wp-json\/wp\/v2\/posts\/22362\/revisions"}],"predecessor-version":[{"id":22364,"href":"https:\/\/www.actualidadadiario.com\/index.php\/wp-json\/wp\/v2\/posts\/22362\/revisions\/22364"}],"wp:featuredmedia":[{"embeddable":true,"href":"https:\/\/www.actualidadadiario.com\/index.php\/wp-json\/wp\/v2\/media\/22391"}],"wp:attachment":[{"href":"https:\/\/www.actualidadadiario.com\/index.php\/wp-json\/wp\/v2\/media?parent=22362"}],"wp:term":[{"taxonomy":"category","embeddable":true,"href":"https:\/\/www.actualidadadiario.com\/index.php\/wp-json\/wp\/v2\/categories?post=22362"},{"taxonomy":"post_tag","embeddable":true,"href":"https:\/\/www.actualidadadiario.com\/index.php\/wp-json\/wp\/v2\/tags?post=22362"}],"curies":[{"name":"wp","href":"https:\/\/api.w.org\/{rel}","templated":true}]}}