{"id":22359,"date":"2018-01-16T15:57:22","date_gmt":"2018-01-16T18:57:22","guid":{"rendered":"http:\/\/actualidadadiario.com\/site\/?p=22359"},"modified":"2018-11-06T19:50:02","modified_gmt":"2018-11-06T22:50:02","slug":"gobierno-y-padres-de-ninos-con-discapacidad-conformaron-una-mesa-de-trabajo","status":"publish","type":"post","link":"https:\/\/www.actualidadadiario.com\/index.php\/2018\/01\/16\/gobierno-y-padres-de-ninos-con-discapacidad-conformaron-una-mesa-de-trabajo\/","title":{"rendered":"Gobierno y padres de ni\u00f1os con discapacidad conformaron una mesa de trabajo"},"content":{"rendered":"<p><em><strong>Un grupo de padres de ni\u00f1os con discapacidad agradecieron las gestiones del gobernador Gustavo Bordet por regularizar los reintegros atrasados del Iosper<\/strong><\/em><\/p>\n<p>&nbsp;<\/p>\n<p>&nbsp;<\/p>\n<p>&nbsp;<\/p>\n<p>&nbsp;<\/p>\n<p>&#8220;Nos vamos totalmente conformes. El disparador nuestro fue el tema de la obra social respecto al problema que tenemos con los reintegros atrasados. Fue una excusa para juntarnos entre muchos padres y poder coordinar otras actividades que antes no la ten\u00edamos pensada&#8221;, sostuvo una de las madres que participaron del encuentro, Cecilia Medina.<\/p>\n<p>&nbsp;<\/p>\n<p>&#8220;Que nos recibas la esposa del gobernador y los referentes de diversas \u00e1reas nos satisface porque nos vamos con muchas ideas para poder hacer este a\u00f1o juntos. De un mal momento, terminamos generando una mesa de trabajo muy enriquecedora&#8221;, sostuvo.<\/p>\n<p>&nbsp;<\/p>\n<p>En tanto, otro de los padres presentes, Fernando Sibulofcky, agradeci\u00f3 a Mariel \u00c1vila porque &#8220;sabemos que ella no es funcionaria y destinar su tiempo junto al resto de las referentes de \u00e1reas. Es un logro inmenso por lo que tenemos que pasar d\u00eda a d\u00eda con nuestros hijos. Tener la predisposici\u00f3n que se nos reciba en Casa de Gobierno con un equipo y nosotros aportar nuestras ideas y ser escuchados es algo que para nosotros no tiene palabras&#8221;, remarc\u00f3.<\/p>\n<p>&nbsp;<\/p>\n<p>&#8220;Ser escuchados, recibidos y contenidos como lo est\u00e1n haciendo es algo muy hermoso. Nos da fuerza para seguir luchando por nuestros hijos y familiares, sabiendo que del otro lado, del lado del Estado, hay gente que se preocupa y ocupa de nuestra situaci\u00f3n es algo que no tiene palabras&#8221;, sostuvo.<\/p>\n<p>&nbsp;<\/p>\n<p>&#8220;S\u00f3lo somos cuatro, pero en el Iosper hay 5.700 programas especiales. Ac\u00e1 estamos y estaremos. Cuando nos necesiten, estaremos presentes&#8221;, dijo Jorge L\u00f3pez, otro de los padres.<\/p>\n<p>&nbsp;<\/p>\n<p>&nbsp;<\/p>\n<p><strong>Estado presente<\/strong><\/p>\n<p>Al respecto, la esposa del gobernador, Mariel \u00c1vila, detall\u00f3 que se &#8220;est\u00e1n trazando l\u00edneas de trabajo con Educaci\u00f3n y Discapacidad, entre otras \u00e1reas. Escuchar a los pap\u00e1s sobre los inconvenientes que hay, en este caso con Iosper que fue el problema que hizo que nos sentemos en una mesa y conversar&#8221;.<\/p>\n<p>&nbsp;<\/p>\n<p>&#8220;Hay algunos puntos de encuentros ya con la obra social que el viernes deb\u00eda pagar cuestiones atrasadas y qued\u00f3 para hoy lunes. Estamos en esa instancia de espera para que se cumplimente con lo hablado&#8221;, precis\u00f3.<\/p>\n<p>&nbsp;<\/p>\n<p>Dijo adem\u00e1s que &#8220;el Ejecutivo seguir\u00e1 de cerca y de todas las \u00e1reas que compete para estar conteniendo a estos pap\u00e1s y obviamente a los ni\u00f1os que es lo que m\u00e1s nos interesa que est\u00e9n contenidos, adem\u00e1s del Estado presente haciendo respetar sus derechos&#8221;, remarc\u00f3. &#8220;Ese el motivo de esta reuni\u00f3n. Conocernos y tener esta empat\u00eda de los problemas que a todos nos pasan. El Estado estar presente con los pap\u00e1s y poder ayudar articulando acciones para que sea todo m\u00e1s f\u00e1cil&#8221;, insisti\u00f3.<\/p>\n<p>&nbsp;<\/p>\n<p>&nbsp;<\/p>\n<p><strong>Fortalecer v\u00ednculos<\/strong><\/p>\n<p>En tanto, la directora del Instituto Provincial de Discapacidad, Cristina Ponce, se\u00f1al\u00f3 que &#8220;lo que se hizo es fortalecer v\u00ednculos. Es lo que nos pide cada d\u00eda el gobernador Gustavo Bordet. En este caso con pap\u00e1s y familias que tienen, en este caso, ni\u00f1os con discapacidad y que ten\u00edan cierta dificultades en relaci\u00f3n a la obra social&#8221;.<\/p>\n<p>&nbsp;<\/p>\n<p>&#8220;Fortalecer v\u00ednculos no s\u00f3lo con las familias, sino tambi\u00e9n con otras \u00e1reas como Educaci\u00f3n y Salud. No s\u00f3lo estar a disposici\u00f3n, sino tambi\u00e9n en gesti\u00f3n y servicio. Es seguir trabajando de una forma m\u00e1s apretada con las familias que tienen alguna persona con discapacidad&#8221;, insisti\u00f3.<\/p>\n<p>&nbsp;<\/p>\n<p>&nbsp;<\/p>\n<p><strong>Acompa\u00f1ar<\/strong><\/p>\n<p>En tanto, la directora de Educaci\u00f3n Especial del Consejo General de Educaci\u00f3n, dijo: &#8220;Nos comprometemos a acompa\u00f1ar a los pap\u00e1s desde la gesti\u00f3n del Consejo General de Educaci\u00f3n. M\u00e1s que nada en el aporte de recursos. Todos sabemos que los chicos con discapacidad que hacen alguna trayectoria en la educaci\u00f3n com\u00fan o especial, requieren tambi\u00e9n de algunos recursos para la organizaci\u00f3n de su propuesta pedag\u00f3gica&#8221;.<\/p>\n<p>&nbsp;<\/p>\n<p>&#8220;Nos comprometemos a trabajar articuladamente con Salud, Educaci\u00f3n y la obra social para ver qu\u00e9 cuestiones se van resolviendo y aportando desde cada lugar&#8221;, concluy\u00f3.<\/p>\n","protected":false},"excerpt":{"rendered":"<p>Un grupo de padres de ni\u00f1os con discapacidad agradecieron las gestiones del gobernador Gustavo Bordet por regularizar los reintegros atrasados del Iosper &nbsp; &nbsp; &nbsp; &nbsp; &#8220;Nos vamos totalmente conformes. El disparador nuestro fue el tema de la obra social respecto al problema que tenemos con los reintegros atrasados. Fue una excusa para juntarnos entre muchos padres y poder coordinar otras actividades que antes no la ten\u00edamos pensada&#8221;, sostuvo una de las madres que participaron del encuentro, Cecilia Medina. &nbsp; &#8220;Que nos recibas la esposa del gobernador y los referentes&#8230;<\/p>\n","protected":false},"author":3,"featured_media":22360,"comment_status":"closed","ping_status":"closed","sticky":false,"template":"","format":"standard","meta":[],"categories":[15],"tags":[],"_links":{"self":[{"href":"https:\/\/www.actualidadadiario.com\/index.php\/wp-json\/wp\/v2\/posts\/22359"}],"collection":[{"href":"https:\/\/www.actualidadadiario.com\/index.php\/wp-json\/wp\/v2\/posts"}],"about":[{"href":"https:\/\/www.actualidadadiario.com\/index.php\/wp-json\/wp\/v2\/types\/post"}],"author":[{"embeddable":true,"href":"https:\/\/www.actualidadadiario.com\/index.php\/wp-json\/wp\/v2\/users\/3"}],"replies":[{"embeddable":true,"href":"https:\/\/www.actualidadadiario.com\/index.php\/wp-json\/wp\/v2\/comments?post=22359"}],"version-history":[{"count":1,"href":"https:\/\/www.actualidadadiario.com\/index.php\/wp-json\/wp\/v2\/posts\/22359\/revisions"}],"predecessor-version":[{"id":22361,"href":"https:\/\/www.actualidadadiario.com\/index.php\/wp-json\/wp\/v2\/posts\/22359\/revisions\/22361"}],"wp:featuredmedia":[{"embeddable":true,"href":"https:\/\/www.actualidadadiario.com\/index.php\/wp-json\/wp\/v2\/media\/22360"}],"wp:attachment":[{"href":"https:\/\/www.actualidadadiario.com\/index.php\/wp-json\/wp\/v2\/media?parent=22359"}],"wp:term":[{"taxonomy":"category","embeddable":true,"href":"https:\/\/www.actualidadadiario.com\/index.php\/wp-json\/wp\/v2\/categories?post=22359"},{"taxonomy":"post_tag","embeddable":true,"href":"https:\/\/www.actualidadadiario.com\/index.php\/wp-json\/wp\/v2\/tags?post=22359"}],"curies":[{"name":"wp","href":"https:\/\/api.w.org\/{rel}","templated":true}]}}