{"id":22356,"date":"2018-01-16T15:56:29","date_gmt":"2018-01-16T18:56:29","guid":{"rendered":"http:\/\/actualidadadiario.com\/site\/?p=22356"},"modified":"2018-11-06T19:52:19","modified_gmt":"2018-11-06T22:52:19","slug":"se-licito-la-reparacion-y-puesta-en-valor-de-la-fachada-de-casa-de-gobierno","status":"publish","type":"post","link":"https:\/\/www.actualidadadiario.com\/index.php\/2018\/01\/16\/se-licito-la-reparacion-y-puesta-en-valor-de-la-fachada-de-casa-de-gobierno\/","title":{"rendered":"Se licit\u00f3 la reparaci\u00f3n y puesta en valor de la fachada de Casa de Gobierno"},"content":{"rendered":"<p><em><strong>El gobierno provincial contin\u00faa con el plan de restauraci\u00f3n y puesta en valor de la Casa Gris. Public\u00f3 el llamado a licitaci\u00f3n para la obra de restauraci\u00f3n y puesta en valor de la fachada de este edificio. La inversi\u00f3n para esta primera etapa supera los 13,6 millones de pesos<\/strong><\/em><\/p>\n<p>&nbsp;<\/p>\n<p>&nbsp;<\/p>\n<p>&nbsp;<\/p>\n<p>En esta primera etapa se devolver\u00e1 la apariencia original, jerarqu\u00eda institucional y car\u00e1cter emblem\u00e1tico de la fachada principal del edificio, que fue declarado monumento hist\u00f3rico y que data de 1890. La obra incluye las cuatro caras de la torre del reloj, respetando materiales, t\u00e9cnicas constructivas y morfolog\u00eda inicial.<\/p>\n<p>&nbsp;<\/p>\n<p>Los trabajos est\u00e1n enmarcados en la decisi\u00f3n del gobernador Gustavo Bordet de recuperar los espacios y restaurar los edificios hist\u00f3ricos que son parte del patrimonio cultural de los entrerrianos.<\/p>\n<p>&nbsp;<\/p>\n<p>Las obras apuntan a recuperar el espacio tanto interior como exterior de la Casa de Gobierno. Hasta el momento se refuncionaliz\u00f3 la Plaza Mansilla y se reconstruyeron espacios para crear el Sal\u00f3n Mujeres Entrerrianas, la Sala de Periodistas y el Museo Casa de Gobierno.<\/p>\n<p>&nbsp;<\/p>\n<p>En esta ocasi\u00f3n se licita la reparaci\u00f3n y puesta en valor de la fachada de la Casa Gris, primera etapa. La apertura de sobres ser\u00e1 el 9 de febrero, a las 10, en la Secretar\u00eda de Obras y Servicios P\u00fablicos, 1\u00ba piso de Casa de Gobierno. El presupuesto oficial es de 13.658.234 pesos e incluye la provisi\u00f3n de materiales y mano de obra. El plazo de ejecuci\u00f3n fue estipulado en 365 d\u00edas corridos.<\/p>\n<p>&nbsp;<\/p>\n<p>La obra comprende la intervenci\u00f3n integral de la totalidad de la superficie envolvente sobre calle De la Puente, comprendiendo almohadillados, columnas adosadas, frisos, comisas, molduras y dentillones, que recibir\u00e1n el mismo tratamiento y acabado superficial que el existente. Asimismo, los cristales del reloj, mediante un proceso especial de restauraci\u00f3n, recobrar\u00e1n su antiguo esplendor.<\/p>\n<p>&nbsp;<\/p>\n<p>Por otra parte, los antepechos y alfeizares de M\u00e1nnol ser\u00e1n reparados o sustituidos, seg\u00fan su estado de conservaci\u00f3n y pulidos a textura espejo; y se recuperar\u00e1 la carpinter\u00eda reponiendo piezas de madera, vidrios y herrajes para dejarlas en perfecto estado de funcionamiento.<\/p>\n<p>&nbsp;<\/p>\n<p>Los pisos y contrapisos de las veredas perimetrales se reemplazar\u00e1n ajustando su desempe\u00f1o a las nuevas exigencias funcionales y a la normativa de accesibilidad; y se restaurar\u00e1n los umbrales en la escalinata de ingreso principal.<\/p>\n<p>&nbsp;<\/p>\n<p>Adem\u00e1s, se sustituir\u00e1n los desag\u00fces pluviales y se instalar\u00e1 un sistema de iluminaci\u00f3n exterior con una nueva propuesta conceptual, destacando las \u00e1reas arquitect\u00f3nicamente m\u00e1s relevantes. Para ello se incorporar\u00e1n los \u00faltimos avances tecnol\u00f3gicos, asegur\u00e1ndose de este modo el mayor rendimiento lum\u00ednico, el menor consumo energ\u00e9tico posible, la m\u00e1xima duraci\u00f3n y el m\u00ednimo costo de mantenimiento.<\/p>\n<p>&nbsp;<\/p>\n<p>&nbsp;<\/p>\n<p><strong>Espacios recuperados<\/strong><\/p>\n<p>El Museo Casa de Gobierno fue la primera obra de envergadura en el marco de un plan de rescate y revalorizaci\u00f3n del patrimonio arquitect\u00f3nico de la Casa de Gobierno. Para poder refuncionalizar este sector se llevaron adelante trabajos hidr\u00e1ulicos que permitieron recuperar la estructura de los cimientos. En ese contexto, se habilitaron seis salas, donde se exponen documentos y testimonios de los distintos poderes del Estado, fotograf\u00edas de diferentes personajes que han pasado por la historia entrerriana, mobiliario y pertenencias de ex gobernadores.<\/p>\n<p>&nbsp;<\/p>\n<p>Adem\u00e1s, la provincia ejecut\u00f3 las tareas sobre la plaza Mansilla. En un primer momento se realiz\u00f3 una limpieza, restauraci\u00f3n y ordenamiento. Se efectu\u00f3 asfaltado de las cuadras de la misma, se parquiz\u00f3 y mejor\u00f3 la iluminaci\u00f3n, poniendo en valor la infraestructura existente.<\/p>\n<p>&nbsp;<\/p>\n<p>En cuanto a Casa de Gobierno, como primera medida se trabaj\u00f3 en la limpieza, cerramiento de los huecos de los aires acondicionados, re-ubicaci\u00f3n del cableado y parquizado de los patios internos, como primera medida. Adem\u00e1s, se refuncionalizaron dos salas. Una en el 1er. piso, el actual Sal\u00f3n de Mujeres Entrerrianas; y la segunda en Planta Baja, lo que es la Sala de Periodistas.<\/p>\n<p>&nbsp;<\/p>\n<p>&nbsp;<\/p>\n<p><strong>Paredes con historia<\/strong><\/p>\n<p>La Casa de Gobierno de Entre R\u00edos, conocida popularmente como Casa Gris, est\u00e1 ubicada en el centro de la ciudad de Paran\u00e1 y es la sede de dos de los tres poderes provinciales: el Poder Ejecutivo y el Poder Legislativo.<\/p>\n<p>&nbsp;<\/p>\n<p>\u201cRecorrer los diferentes \u00e1mbitos de la Casa de Gobierno, significa caminar la historia, respirar el viento de las tradiciones entrerrianas y capturar las profundas emociones de la comarca\u201d, afirma el asesor Cultural, Roberto Romani, y rememor\u00f3: \u201cLos primeros ladrillos corresponden al sue\u00f1o de dotar a la flamante capital de la provincia de un edificio acorde a las necesidades de aquel tiempo, es decir mediados de 1884, pocos meses despu\u00e9s de sancionada la Constituci\u00f3n de 1883\u201d.<\/p>\n<p>&nbsp;<\/p>\n<p>El predio ubicado entre calles C\u00f3rdoba, Laprida, Santa Fe y M\u00e9xico, \u201ccomenz\u00f3 a cambiar su fisonom\u00eda, cuando las paredes concebidas por el arquitecto Bernardo R\u00edgoli y el maestro mayor Luis Sesarego, se convirtieron en un punto de referencia para celebrar la nueva imagen que tendr\u00eda un importante sector de Paran\u00e1 a partir de la instalaci\u00f3n de las autoridades provinciales y el recinto legislativo\u201d, expres\u00f3.<\/p>\n<p>&nbsp;<\/p>\n<p>\u201cEstas concreciones sumadas a los convenientes trabajos de arreglos y remodelaci\u00f3n, le devolver\u00e1n a corto plazo el esplendor de otras \u00e9pocas, con el firme convencimiento que la casa del pueblo de nuestros hermanos debe reunir los mejores cielos de la idiosincrasia entrerriana y ser en todas las circunstancias de la vida p\u00fablica un lugar de encuentro y armon\u00eda y un espacio propicio para la consagraci\u00f3n de los valores que dignifican al hombre\u201d, subray\u00f3 Romani.<\/p>\n","protected":false},"excerpt":{"rendered":"<p>El gobierno provincial contin\u00faa con el plan de restauraci\u00f3n y puesta en valor de la Casa Gris. Public\u00f3 el llamado a licitaci\u00f3n para la obra de restauraci\u00f3n y puesta en valor de la fachada de este edificio. La inversi\u00f3n para esta primera etapa supera los 13,6 millones de pesos &nbsp; &nbsp; &nbsp; En esta primera etapa se devolver\u00e1 la apariencia original, jerarqu\u00eda institucional y car\u00e1cter emblem\u00e1tico de la fachada principal del edificio, que fue declarado monumento hist\u00f3rico y que data de 1890. La obra incluye las cuatro caras de la&#8230;<\/p>\n","protected":false},"author":3,"featured_media":22357,"comment_status":"closed","ping_status":"closed","sticky":false,"template":"","format":"standard","meta":[],"categories":[15],"tags":[],"_links":{"self":[{"href":"https:\/\/www.actualidadadiario.com\/index.php\/wp-json\/wp\/v2\/posts\/22356"}],"collection":[{"href":"https:\/\/www.actualidadadiario.com\/index.php\/wp-json\/wp\/v2\/posts"}],"about":[{"href":"https:\/\/www.actualidadadiario.com\/index.php\/wp-json\/wp\/v2\/types\/post"}],"author":[{"embeddable":true,"href":"https:\/\/www.actualidadadiario.com\/index.php\/wp-json\/wp\/v2\/users\/3"}],"replies":[{"embeddable":true,"href":"https:\/\/www.actualidadadiario.com\/index.php\/wp-json\/wp\/v2\/comments?post=22356"}],"version-history":[{"count":1,"href":"https:\/\/www.actualidadadiario.com\/index.php\/wp-json\/wp\/v2\/posts\/22356\/revisions"}],"predecessor-version":[{"id":22358,"href":"https:\/\/www.actualidadadiario.com\/index.php\/wp-json\/wp\/v2\/posts\/22356\/revisions\/22358"}],"wp:featuredmedia":[{"embeddable":true,"href":"https:\/\/www.actualidadadiario.com\/index.php\/wp-json\/wp\/v2\/media\/22357"}],"wp:attachment":[{"href":"https:\/\/www.actualidadadiario.com\/index.php\/wp-json\/wp\/v2\/media?parent=22356"}],"wp:term":[{"taxonomy":"category","embeddable":true,"href":"https:\/\/www.actualidadadiario.com\/index.php\/wp-json\/wp\/v2\/categories?post=22356"},{"taxonomy":"post_tag","embeddable":true,"href":"https:\/\/www.actualidadadiario.com\/index.php\/wp-json\/wp\/v2\/tags?post=22356"}],"curies":[{"name":"wp","href":"https:\/\/api.w.org\/{rel}","templated":true}]}}