{"id":22334,"date":"2018-01-12T12:40:10","date_gmt":"2018-01-12T15:40:10","guid":{"rendered":"http:\/\/actualidadadiario.com\/site\/?p=22334"},"modified":"2018-11-06T19:48:05","modified_gmt":"2018-11-06T22:48:05","slug":"boudou-mas-cerca-de-la-libertad-seria-inminente-su-excarcelacion","status":"publish","type":"post","link":"https:\/\/www.actualidadadiario.com\/index.php\/2018\/01\/12\/boudou-mas-cerca-de-la-libertad-seria-inminente-su-excarcelacion\/","title":{"rendered":"Boudou, m\u00e1s cerca de la libertad: ser\u00eda inminente su excarcelaci\u00f3n"},"content":{"rendered":"<p><em><strong>La C\u00e1mara Federal decidir\u00e1 en las pr\u00f3ximas horas si acepta el pedido presentado por la defensa del ex vicepresidente en la causa por irregularidades de los vi\u00e1ticos cuando era ministro de Econom\u00eda<\/strong><\/em><\/p>\n<p>&nbsp;<\/p>\n<p>&nbsp;<\/p>\n<p>&nbsp;<\/p>\n<p>El ex vicepresidente Amado Boudou podr\u00eda quedar en libertad en las pr\u00f3ximas horas cuando la C\u00e1mara Federal decida si acepta o no el pedido de excarcelaci\u00f3n presentado por su defensa en el marco de la causa que\u00a0 investiga las supuestas irregularidades de los vi\u00e1ticos cuando era ministro de Econom\u00eda.<\/p>\n<p>&nbsp;<\/p>\n<p>Con voto dividido, la C\u00e1mara decidi\u00f3 este jueves dejar en libertad al ex funcionario en la causa en la que est\u00e1 detenido por presunto lavado de activos. Sin embargo, a\u00fan contin\u00faa preso porque est\u00e1 con preventiva en otro expediente.<\/p>\n<p>&nbsp;<\/p>\n<p>Los jueces Eduardo Farah y Rodolfo Pociello Argerich, con la disidencia de Leopoldo Bruglia, consideraron que Boudou debe quedar libre en la causa en la que se lo acusa de lavado y asociaci\u00f3n il\u00edcita por los bienes que no pudo justificar. La mayor\u00eda de la C\u00e1mara sostuvo que en el caso el juez Ariel Lijo ni siquiera resolvi\u00f3 su situaci\u00f3n procesal.<\/p>\n<p>&nbsp;<\/p>\n<p>\u201cSe verifica en el expediente un extremo insoslayable y es que habiendo sido indagado Boudou el 3 de noviembre del a\u00f1o pasado, a la actualidad no se ha resuelto su situaci\u00f3n procesal y, mucho menos, l\u00f3gicamente, dispuesto su prisi\u00f3n preventiva\u201d, sostuvo Pociello Argerich. \u201cExpresamente la ley procesal impone un t\u00e9rmino de diez d\u00edas para dar cumplimiento a tal manda y sin entrar a discutir sobre el car\u00e1cter ordenatorio o perentorio de este plazo han transcurrido m\u00e1s de dos meses sin su concreci\u00f3n\u201d, sostuvo el magistrado.<\/p>\n<p>&nbsp;<\/p>\n<p>Para el camarista Farah, Boudou &#8220;se encuentra a derecho en todos los expedientes que se le sustancian, habiendo cumplido hasta el presente sus obligaciones procesales, sin que se presentaran a su respecto objeciones de obstrucci\u00f3n de ning\u00fan tipo\u201d.<\/p>\n<p>&nbsp;<\/p>\n<p>Bruglia en disidencia con sus colegas, consider\u00f3 que el ex ministro debe permanecer en prisi\u00f3n porque a\u00fan restan medidas por producir, aunque se pronunci\u00f3 a favor de otorgar permisos de salida a fin de que Boudou pueda \u201cconsolidar\u201d sus v\u00ednculos familiares. En poco tiempo ser\u00e1 pap\u00e1 de mellizos.<\/p>\n<p>&nbsp;<\/p>\n<p>Lo cierto es que ahora la C\u00e1mara deber\u00e1 resolver las pr\u00f3ximas horas la situaci\u00f3n en esa causa y la defensa de Boudou apuesta a que le ser\u00e1 otorgada la excarcelaci\u00f3n.<\/p>\n<p>&nbsp;<\/p>\n<p>En tanto, el ex socio de Boudou Jos\u00e9 Mar\u00eda Nu\u00f1ez Carmona qued\u00f3 en libertad en la causa de lavado y enriquecimiento il\u00edcito. &#8220;Estoy contento&#8221;, dijo en un breve contacto que mantuvo con la prensa a la salida de la Superindentencia de Investigaciones Federales. Adem\u00e1s, opin\u00f3 que &#8220;las prisiones preventivas no est\u00e1n bien manejadas&#8221;.<\/p>\n","protected":false},"excerpt":{"rendered":"<p>La C\u00e1mara Federal decidir\u00e1 en las pr\u00f3ximas horas si acepta el pedido presentado por la defensa del ex vicepresidente en la causa por irregularidades de los vi\u00e1ticos cuando era ministro de Econom\u00eda &nbsp; &nbsp; &nbsp; El ex vicepresidente Amado Boudou podr\u00eda quedar en libertad en las pr\u00f3ximas horas cuando la C\u00e1mara Federal decida si acepta o no el pedido de excarcelaci\u00f3n presentado por su defensa en el marco de la causa que\u00a0 investiga las supuestas irregularidades de los vi\u00e1ticos cuando era ministro de Econom\u00eda. &nbsp; Con voto dividido, la C\u00e1mara&#8230;<\/p>\n","protected":false},"author":3,"featured_media":22335,"comment_status":"closed","ping_status":"closed","sticky":false,"template":"","format":"standard","meta":[],"categories":[18],"tags":[],"_links":{"self":[{"href":"https:\/\/www.actualidadadiario.com\/index.php\/wp-json\/wp\/v2\/posts\/22334"}],"collection":[{"href":"https:\/\/www.actualidadadiario.com\/index.php\/wp-json\/wp\/v2\/posts"}],"about":[{"href":"https:\/\/www.actualidadadiario.com\/index.php\/wp-json\/wp\/v2\/types\/post"}],"author":[{"embeddable":true,"href":"https:\/\/www.actualidadadiario.com\/index.php\/wp-json\/wp\/v2\/users\/3"}],"replies":[{"embeddable":true,"href":"https:\/\/www.actualidadadiario.com\/index.php\/wp-json\/wp\/v2\/comments?post=22334"}],"version-history":[{"count":1,"href":"https:\/\/www.actualidadadiario.com\/index.php\/wp-json\/wp\/v2\/posts\/22334\/revisions"}],"predecessor-version":[{"id":22336,"href":"https:\/\/www.actualidadadiario.com\/index.php\/wp-json\/wp\/v2\/posts\/22334\/revisions\/22336"}],"wp:featuredmedia":[{"embeddable":true,"href":"https:\/\/www.actualidadadiario.com\/index.php\/wp-json\/wp\/v2\/media\/22335"}],"wp:attachment":[{"href":"https:\/\/www.actualidadadiario.com\/index.php\/wp-json\/wp\/v2\/media?parent=22334"}],"wp:term":[{"taxonomy":"category","embeddable":true,"href":"https:\/\/www.actualidadadiario.com\/index.php\/wp-json\/wp\/v2\/categories?post=22334"},{"taxonomy":"post_tag","embeddable":true,"href":"https:\/\/www.actualidadadiario.com\/index.php\/wp-json\/wp\/v2\/tags?post=22334"}],"curies":[{"name":"wp","href":"https:\/\/api.w.org\/{rel}","templated":true}]}}