{"id":22331,"date":"2018-01-12T12:39:21","date_gmt":"2018-01-12T15:39:21","guid":{"rendered":"http:\/\/actualidadadiario.com\/site\/?p=22331"},"modified":"2018-11-06T19:49:49","modified_gmt":"2018-11-06T22:49:49","slug":"etchevehere-el-mejor-alumno","status":"publish","type":"post","link":"https:\/\/www.actualidadadiario.com\/index.php\/2018\/01\/12\/etchevehere-el-mejor-alumno\/","title":{"rendered":"Etchevehere, el mejor alumno"},"content":{"rendered":"<p><em><strong>El ministro de Agroindustria busca que el organismo responsable del control de alimentos sea para Macri un ejemplo a mostrar: ajuste, despidos, gremios controlados y participaci\u00f3n privada en gesti\u00f3n<\/strong><\/em><\/p>\n<p>&nbsp;<\/p>\n<p>&nbsp;<\/p>\n<p>&nbsp;<\/p>\n<p>Luis Miguel Etchevehere asumi\u00f3 al frente del Ministerio de Agroindustria con el mandato muy claro de Mauricio Macri de meterse de lleno en el barro y resolver \u201clas mafias que lo ponen la pata en la cabeza al campo\u201d. Pese a las denuncias de su hermana Dolores y las idas y vueltas por el bono de 500 mil pesos que cobr\u00f3 de la Sociedad Rural, el flamante funcionario puso pie en el acelerador contra uno de los principales enemigo que tiene el agro para su gesti\u00f3n: el Servicio Nacional de Sanidad y Calidad Agroalimentaria (SENASA).<\/p>\n<p>&nbsp;<\/p>\n<p>El a\u00f1o comenz\u00f3 con 130 despidos en el organismo y el futuro no parece mucho m\u00e1s alentador. Fuentes gremiales confirmaron a Letra P que hay una nueva lista para echar otros 150 trabajadores para los pr\u00f3ximos meses, lo que no fue desmentido por ning\u00fan funcionario. Esto se suma a la falta de presupuesto que sufre la instituci\u00f3n a la que apenas le alcanza para mantener los gastos operativos.<\/p>\n<p>&nbsp;<\/p>\n<p>Antes de fin de a\u00f1o, en una reuni\u00f3n con empresarios agro exportadores, Etchevehere les hab\u00eda advertido que el organismo \u201cse iba a agitar\u201d. \u201cVamos a hacer los cambios que haya que hacer, y vamos a necesitar de la colaboraci\u00f3n de todos\u201d, les dijo el ministro. Los empresarios asintieron y se fueron con preocupaci\u00f3n.<\/p>\n<p>&nbsp;<\/p>\n<p>&nbsp;<\/p>\n<p>&nbsp;<\/p>\n<p><strong>Plan oficial<\/strong><\/p>\n<p>El SENASA hoy tiene 6 mil empleados, de los cuales 2.800 est\u00e1n contratados. Seg\u00fan datos del propio organismo, para su normal funcionamiento necesita un presupuesto del doble del actual. Pero eso no es lo que est\u00e1 en la cabeza de Etchevehere ni en la de Ricardo Negri, virtual presidente del SENASA -a\u00fan espera el decreto que oficialice su designaci\u00f3n- El plan, seg\u00fan pudo reconstruir este medio, pasa por reducir de 14 a seis o siete los Centros Regionales y delegar funciones de control en entes fitosanitarios que involucren a los privados. Con ese esquema en marcha, en el organismo consideran que sobrar\u00edan entre 2.000 y 3.000 empleados.<\/p>\n<p>&nbsp;<\/p>\n<p>\u201cNo tenemos plata para nada, hay programas enteros desfinanciados, no podemos usar los autos porque se vencieron los seguros, nunca en 30 a\u00f1os vi algo as\u00ed\u201d, confi\u00f3 a este medio un directivo hist\u00f3rico del organismo.<\/p>\n<p>&nbsp;<\/p>\n<p>Hugo Lucero, dirigente de UPCN, cont\u00f3 que \u201choy no hay plata ni para hacer un flete, no tenemos luz en los ba\u00f1os\u201d. \u201cAs\u00ed es como debemos estar controlando las plagas\u201d, dijo.<\/p>\n<p>&nbsp;<\/p>\n<p>La semana pasada, en conferencia con los 14 directores regionales del organismo, Negri dijo que estaba \u201cmuy orgullo de los cambios que est\u00e1n ocurriendo\u201d. \u201cEstoy muy feliz de cumplir con las directivas de poner al SENASA en sinton\u00eda con el resto del Estado\u201d, dijo.<\/p>\n<p>&nbsp;<\/p>\n<p>Desde su creaci\u00f3n, a principios del siglo pasado, el SENASA tiene como objetivo fiscalizar las exportaciones agroalimentarias, la producci\u00f3n alimentaria local y las plagas que afectan a las producciones del campo.<\/p>\n<p>&nbsp;<\/p>\n<p>&nbsp;<\/p>\n<p>&nbsp;<\/p>\n<p><strong>Golpe gremial<\/strong><\/p>\n<p>Los cambios que quiere Etchevehere tienen la v\u00eda bastante despejada gracias a la intervenci\u00f3n del secretario de Desarrollo Territorial, Santiago Hardie, que es el funcionario m\u00e1s pol\u00edtico de Agroindustria. Esos cambios golpearon a ATE, gremio mayoritario del organismo, y a APUMAG, la asociaci\u00f3n de profesionales, que supieron tener mucho peso a la hora de enfrentar cambios en otros gobiernos.<\/p>\n<p>&nbsp;<\/p>\n<p>Justamente fue Hardie quien design\u00f3 al militante del PRO Cristian Cunha como director regional de Santa Fe, que r\u00e1pidamente se hizo con el control de la zona por la que pasan casi el 30 por ciento de las exportaciones argentinas. Sin el apoyo de esa regi\u00f3n, cualquier medida de fuerza tiene muy bajo impacto.<\/p>\n<p>&nbsp;<\/p>\n<p>Adem\u00e1s, en los \u00faltimos d\u00edas desplazaron a Jorge Monteverde, director del \u00e1rea metropolitana que incluye el Puerto de Buenos Aires, otro destino de salida de las exportaciones. S\u00f3lo queda la regi\u00f3n de Buenos Aires Norte, que incluye a los puertos de Ramallo, San Pedro, Zarate, Baradero, Campana y Lima, el pr\u00f3ximo objetivo de Negri.<\/p>\n<p>&nbsp;<\/p>\n<p>Con todas esas zonas controladas por la gesti\u00f3n central, el Gobierno se asegurar\u00eda que cualquier medida de fuerza no tenga el impacto de paralizar las exportaciones, algo que ocurri\u00f3 en algunos conflictos a\u00f1os atr\u00e1s. Estos cargos son concursados, por lo que Negri no tiene autoridad para desplazaros y utiliz\u00f3 otros m\u00e9todos, como ofertas de mantener el sueldo en alguna otra dependencia p\u00fablica a cambio de renunciar a las funciones.<\/p>\n<p>&nbsp;<\/p>\n<p>En ese plan, Etchevehere y Negri cuentan con aliados que hasta hace dos a\u00f1os eran poco probables. Jorge Dill\u00f3n, que fue presidente del SENASA hasta hace algunos a\u00f1os y fue un fervoroso militante por la campa\u00f1a de An\u00edbal Fern\u00e1ndez para gobernador bonaerense, sigue siendo asesor del directorio. Otro hombre que la gesti\u00f3n quiere para hacerse con el control de la Regi\u00f3n Buenos Aires Norte es Lisandro Tabossi, un veterinario que creci\u00f3 en el organismo con el kirchnerismo bajo la protecci\u00f3n de An\u00edbal y el paraguas pol\u00edtico del intendente de Salto, Ricardo Alessandro, un peronista de muy buen di\u00e1logo con el gobierno de Mar\u00eda Eugenia Vidal.<\/p>\n<p>&nbsp;<\/p>\n<p>&nbsp;<\/p>\n<p>&nbsp;<\/p>\n<p><strong>Dudas empresariales<\/strong><\/p>\n<p>El plan de Etchevehere incluye la participaci\u00f3n de los privados en los controles mediante los entes fitosanitarios. \u201cQueremos que los privados se involucren, tenemos siempre las quejas por la competitividad y lo que les pedimos es que se sumen y colaboren para que todos podamos sacar adelante un organismo m\u00e1s r\u00e1pido y eficiente\u201d, confi\u00f3 a este medio uno de los funcionarios de Agroindustria que sigue el tema todos los d\u00edas.<\/p>\n<p>&nbsp;<\/p>\n<p>Pese a ese pedido, los empresarios desconf\u00edan. \u201cHoy no queda claro qu\u00e9 es lo que va a pasar. Nos dicen que nos van a trasladar los programas de algunas enfermedades, pero no sabemos si vienen con los empleados, con el presupuesto, no hay un acuerdo claro\u201d, dijo a este medio un directivo de la principal exportadora de c\u00edtricos del mundo, que tiene sede en Tucum\u00e1n, Buenos Aires, Montevideo, Lima y Porth Elizabeth.<\/p>\n<p>&nbsp;<\/p>\n<p>Para un empresario cerealero, que maneja una de las pocas empresas que siguen estando en manos argentinas, \u201ces rid\u00edculo que los privados participemos en los controles\u201d. \u201cNosotros pagamos impuestos, en ning\u00fan lugar del mundo fiscalizan los que son parte, puede haber cualquier conflicto y perder alg\u00fan mercado de exportaci\u00f3n\u201d, se quej\u00f3.<\/p>\n","protected":false},"excerpt":{"rendered":"<p>El ministro de Agroindustria busca que el organismo responsable del control de alimentos sea para Macri un ejemplo a mostrar: ajuste, despidos, gremios controlados y participaci\u00f3n privada en gesti\u00f3n &nbsp; &nbsp; &nbsp; Luis Miguel Etchevehere asumi\u00f3 al frente del Ministerio de Agroindustria con el mandato muy claro de Mauricio Macri de meterse de lleno en el barro y resolver \u201clas mafias que lo ponen la pata en la cabeza al campo\u201d. Pese a las denuncias de su hermana Dolores y las idas y vueltas por el bono de 500 mil&#8230;<\/p>\n","protected":false},"author":3,"featured_media":22332,"comment_status":"closed","ping_status":"closed","sticky":false,"template":"","format":"standard","meta":[],"categories":[9,18],"tags":[],"_links":{"self":[{"href":"https:\/\/www.actualidadadiario.com\/index.php\/wp-json\/wp\/v2\/posts\/22331"}],"collection":[{"href":"https:\/\/www.actualidadadiario.com\/index.php\/wp-json\/wp\/v2\/posts"}],"about":[{"href":"https:\/\/www.actualidadadiario.com\/index.php\/wp-json\/wp\/v2\/types\/post"}],"author":[{"embeddable":true,"href":"https:\/\/www.actualidadadiario.com\/index.php\/wp-json\/wp\/v2\/users\/3"}],"replies":[{"embeddable":true,"href":"https:\/\/www.actualidadadiario.com\/index.php\/wp-json\/wp\/v2\/comments?post=22331"}],"version-history":[{"count":1,"href":"https:\/\/www.actualidadadiario.com\/index.php\/wp-json\/wp\/v2\/posts\/22331\/revisions"}],"predecessor-version":[{"id":22333,"href":"https:\/\/www.actualidadadiario.com\/index.php\/wp-json\/wp\/v2\/posts\/22331\/revisions\/22333"}],"wp:featuredmedia":[{"embeddable":true,"href":"https:\/\/www.actualidadadiario.com\/index.php\/wp-json\/wp\/v2\/media\/22332"}],"wp:attachment":[{"href":"https:\/\/www.actualidadadiario.com\/index.php\/wp-json\/wp\/v2\/media?parent=22331"}],"wp:term":[{"taxonomy":"category","embeddable":true,"href":"https:\/\/www.actualidadadiario.com\/index.php\/wp-json\/wp\/v2\/categories?post=22331"},{"taxonomy":"post_tag","embeddable":true,"href":"https:\/\/www.actualidadadiario.com\/index.php\/wp-json\/wp\/v2\/tags?post=22331"}],"curies":[{"name":"wp","href":"https:\/\/api.w.org\/{rel}","templated":true}]}}