{"id":22325,"date":"2018-01-12T12:37:41","date_gmt":"2018-01-12T15:37:41","guid":{"rendered":"http:\/\/actualidadadiario.com\/site\/?p=22325"},"modified":"2018-11-06T19:51:06","modified_gmt":"2018-11-06T22:51:06","slug":"macri-salteo-el-senado-y-designo-al-embajador-de-estados-unidos-por-decreto","status":"publish","type":"post","link":"https:\/\/www.actualidadadiario.com\/index.php\/2018\/01\/12\/macri-salteo-el-senado-y-designo-al-embajador-de-estados-unidos-por-decreto\/","title":{"rendered":"Macri salte\u00f3 el Senado y design\u00f3 al embajador de Estados Unidos por decreto"},"content":{"rendered":"<p><em><strong>Lo justific\u00f3 en el receso del Congreso. Tambi\u00e9n design\u00f3 al de Uruguay, Paraguay y Ecuador<\/strong><\/em><\/p>\n<p>&nbsp;<\/p>\n<p>&nbsp;<\/p>\n<p>&nbsp;<\/p>\n<p>Desde Villa La Angostura y a trav\u00e9s de la firma electr\u00f3nica, Mauricio Macri design\u00f3 por decreto a 5 embajadores, entre ellos el de Estados Unidos, Fernando Oris de Roa, reemplazo de Mart\u00edn Lousteau.<\/p>\n<p>&nbsp;<\/p>\n<p>Lo hizo pese a que sus pliegos ya ingresaron al Senado y la Comisi\u00f3n de Acuerdos preve\u00eda tratarlos cuanto antes.<\/p>\n<p>&nbsp;<\/p>\n<p>Si el presidente quer\u00eda, pod\u00eda pedirlo en sesiones extraordinarias de febrero, pero no tuvo paciencia y los envi\u00f3 a sus destinos de un plumazo.<\/p>\n<p>&nbsp;<\/p>\n<p>La excusa, plasmada en cada DNU, es que el Congreso est\u00e1 en receso y era urgente cubrir esas vacantes.<\/p>\n<p>&nbsp;<\/p>\n<p>&#8220;Ya lo hab\u00eda hecho en 2016, pero pens\u00e1bamos que no lo repetir\u00eda&#8221;, se lamentaban senadores peronistas, que esperaban tratar los pliegos en febrero.<\/p>\n<p>&nbsp;<\/p>\n<p>Lo har\u00e1n ni bien reabra el Congreso (si no hay extraordinarias ser\u00e1 en marzo), pero con los diplom\u00e1ticos ya ejerciendo en sus pa\u00edses de destino. Deber\u00e1n viajar un d\u00eda para la audiencia.<\/p>\n<p>&nbsp;<\/p>\n<p>Adem\u00e1s de Oris de Roa, en otros decretos fueron designados Mauricio Devoto como representante ante el Mercosur y Aladi; H\u00e9ctor Lostri (Paraguay) y los ex diputados Mario Barletta (Uruguay) y Dar\u00edo Giustozzi (Ecuador).Qued\u00f3 pendiente el de Patricia Gim\u00e9nez, ex diputada radical, designada como embajadora en Costa Rica.<\/p>\n<p>&nbsp;<\/p>\n<p>Como explic\u00f3 LPO, por una audaz maniobra de Emilio Monz\u00f3, Macri podr\u00e1 firmar decretos tranquilo, porque la bicameral de tr\u00e1mite legislativo, encargada de tratarlos, tendr\u00e1 al menos la mitad de sus miembros de Cambiemos.<\/p>\n<p>&nbsp;<\/p>\n<p>O sea, si quieren, no se tratar\u00e1 ninguno y por lo tanto podr\u00e1n aplicarse sin riesgo, como ocurri\u00f3 en los dos \u00faltimos a\u00f1os, que la oposici\u00f3n rechaz\u00f3 cerca de una decena y oblig\u00f3 al Gobierno a negociar para que no los volteen en el recinto. Ya no tendr\u00e1 ese problema.<\/p>\n<p>&nbsp;<\/p>\n<p>Finalmente, dice que el Papa Francisco siempre los alent\u00f3 a &#8220;trabajar a favor de los m\u00e1s pobres&#8221; y asumi\u00f3 la existencia de &#8220;palabras molestas para el sistema&#8221;, porque &#8220;interpelan&#8221;, y en ese sentido advierte que &#8220;molesta que se hable de \u00e9tica, de solidaridad mundial, de distribuci\u00f3n de los bienes, de preservar las fuentes de trabajo, y de la dignidad de los d\u00e9biles&#8221;.<\/p>\n<p>&nbsp;<\/p>\n<p>&#8220;Molesta que se hable de un Dios que exige un compromiso por la justicia&#8221;, dicen, y aclaran: &#8220;La palabra de Dios es una invitaci\u00f3n renovada a estar al servicio de los m\u00e1s pobres y no de nosotros mismos&#8221;.<\/p>\n","protected":false},"excerpt":{"rendered":"<p>Lo justific\u00f3 en el receso del Congreso. Tambi\u00e9n design\u00f3 al de Uruguay, Paraguay y Ecuador &nbsp; &nbsp; &nbsp; Desde Villa La Angostura y a trav\u00e9s de la firma electr\u00f3nica, Mauricio Macri design\u00f3 por decreto a 5 embajadores, entre ellos el de Estados Unidos, Fernando Oris de Roa, reemplazo de Mart\u00edn Lousteau. &nbsp; Lo hizo pese a que sus pliegos ya ingresaron al Senado y la Comisi\u00f3n de Acuerdos preve\u00eda tratarlos cuanto antes. &nbsp; Si el presidente quer\u00eda, pod\u00eda pedirlo en sesiones extraordinarias de febrero, pero no tuvo paciencia y los&#8230;<\/p>\n","protected":false},"author":3,"featured_media":22326,"comment_status":"closed","ping_status":"closed","sticky":false,"template":"","format":"standard","meta":[],"categories":[18],"tags":[],"_links":{"self":[{"href":"https:\/\/www.actualidadadiario.com\/index.php\/wp-json\/wp\/v2\/posts\/22325"}],"collection":[{"href":"https:\/\/www.actualidadadiario.com\/index.php\/wp-json\/wp\/v2\/posts"}],"about":[{"href":"https:\/\/www.actualidadadiario.com\/index.php\/wp-json\/wp\/v2\/types\/post"}],"author":[{"embeddable":true,"href":"https:\/\/www.actualidadadiario.com\/index.php\/wp-json\/wp\/v2\/users\/3"}],"replies":[{"embeddable":true,"href":"https:\/\/www.actualidadadiario.com\/index.php\/wp-json\/wp\/v2\/comments?post=22325"}],"version-history":[{"count":1,"href":"https:\/\/www.actualidadadiario.com\/index.php\/wp-json\/wp\/v2\/posts\/22325\/revisions"}],"predecessor-version":[{"id":22327,"href":"https:\/\/www.actualidadadiario.com\/index.php\/wp-json\/wp\/v2\/posts\/22325\/revisions\/22327"}],"wp:featuredmedia":[{"embeddable":true,"href":"https:\/\/www.actualidadadiario.com\/index.php\/wp-json\/wp\/v2\/media\/22326"}],"wp:attachment":[{"href":"https:\/\/www.actualidadadiario.com\/index.php\/wp-json\/wp\/v2\/media?parent=22325"}],"wp:term":[{"taxonomy":"category","embeddable":true,"href":"https:\/\/www.actualidadadiario.com\/index.php\/wp-json\/wp\/v2\/categories?post=22325"},{"taxonomy":"post_tag","embeddable":true,"href":"https:\/\/www.actualidadadiario.com\/index.php\/wp-json\/wp\/v2\/tags?post=22325"}],"curies":[{"name":"wp","href":"https:\/\/api.w.org\/{rel}","templated":true}]}}