{"id":22322,"date":"2018-01-12T12:36:53","date_gmt":"2018-01-12T15:36:53","guid":{"rendered":"http:\/\/actualidadadiario.com\/site\/?p=22322"},"modified":"2018-11-06T19:50:58","modified_gmt":"2018-11-06T22:50:58","slug":"los-curas-villeros-salieron-al-cruce-de-la-campana-contra-francisco","status":"publish","type":"post","link":"https:\/\/www.actualidadadiario.com\/index.php\/2018\/01\/12\/los-curas-villeros-salieron-al-cruce-de-la-campana-contra-francisco\/","title":{"rendered":"Los curas villeros salieron al cruce de la campa\u00f1a contra Francisco"},"content":{"rendered":"<p><em><strong>Los sacerdotes respondieron a publicaciones de medios oficialistas que sosten\u00edan que el Papa &#8220;no quiere que los pobres dejen de ser pobres&#8221;<\/strong><\/em><\/p>\n<p>&nbsp;<\/p>\n<p>&nbsp;<\/p>\n<p>&nbsp;<\/p>\n<p>El grupo de curas de las villas de Buenos Aires y Gran Buenos Aires expres\u00f3 este jueves su compromiso con la gente que vive en villas y barrios populares, para ayudarlos a vivir mejor, a trav\u00e9s de su &#8220;real integraci\u00f3n urbana y &#8220;con una profunda conciencia de igualdad&#8221;.<\/p>\n<p>&nbsp;<\/p>\n<p>La carta, que lleva la firma del equipo de Sacerdotes de Villas de capital y provincia, expresa &#8220;cierta perplejidad&#8221; ante comentarios respecto a que &#8220;la Iglesia en general, y en especial el Papa, no quieren que los pobres dejen de ser pobres, porque de esta manera se perder\u00eda lugar de influencia&#8221;.<\/p>\n<p>&nbsp;<\/p>\n<p>&nbsp;<\/p>\n<p><strong>Libros para atacar al Papa<\/strong><\/p>\n<p>En su art\u00edculo &#8220;El intelectual que pone en jaque a Bergoglio&#8221;, el columnista de La Naci\u00f3n, Jorge Fer\u00e1ndez D\u00edaz, us\u00f3 un texto publicado en el 2016 de Juan Jos\u00e9 Sebreli: &#8220;Bergoglio es un conservador popular y que sus ap\u00f3stoles no encuentran en la pobreza una carencia sino una virtud. Para ilustrar esto recurre a declaraciones p\u00fablicas de su heroico equipo de trinchera, que muestra sin embargo desconfianza frente a la urbanizaci\u00f3n de las villas, puesto que esa mejora conllevar\u00eda un car\u00e1cter &#8220;civilizatorio&#8221; y porque en esos asentamientos persistir\u00edan &#8220;valores evang\u00e9licos muy olvidados por la sociedad liberal de la ciudad&#8221;.<\/p>\n<p>&nbsp;<\/p>\n<p>La respuesta a este y otros ataques medi\u00e1ticos impulsados por Cambiemos produjo la respuesta del equipo de Sacerdotes de Villas de la Capital y la provincia de Buenos Aires, entre ellos los obispos Gustavo Carrara y Jorge Garc\u00eda Cuerva y el padre Pepe Di Paola.<\/p>\n<p>&nbsp;<\/p>\n<p>&nbsp;<\/p>\n<p><strong>&#8220;No solo hemos levantado capillas&#8221;<\/strong><\/p>\n<p>Tambi\u00e9n se\u00f1alan que los curas en las villas construyeron &#8220;escuelas, jardines comunitarios, clubes, centros barriales para la atenci\u00f3n de personas con problem\u00e1ticas de adicci\u00f3n, centros de formaci\u00f3n profesional, oficinas de empleo, cooperativas de trabajo, etc&#8221;, se\u00f1alaron los sacerdotes en una carta p\u00fablica en el que destacan la importancia de &#8220;derribar muros y tender puentes para una real integraci\u00f3n urbana&#8221;.<\/p>\n<p>&nbsp;<\/p>\n<p>&nbsp;<\/p>\n<p>&#8220;Somos curas que vivimos y\/o trabajamos en villas y\/o barrios populares. Somos curas agradecidos de que los pobres nos hayan hecho un lugar entre ellos&#8221;, dice el texto que lleva la firma de los casi 40 sacerdotes que integran este grupo, en el que se precisa adem\u00e1s el lugar donde realizan su trabajo.<\/p>\n<p>&nbsp;<\/p>\n<p>&nbsp;<\/p>\n<p>Recuerdan que su lugar &#8220;no se trata solo de dar de comer a un pobre, sino de considerarlo digno de participar en nuestra mesa&#8221; y de hacer su aporte para que &#8220;vivan mejor&#8221;.<\/p>\n<p>&nbsp;<\/p>\n<p>&nbsp;<\/p>\n<p>&#8220;Es pasar de la generosidad a la comuni\u00f3n&#8221;, resumen los curas de villas, que tambi\u00e9n se\u00f1alan el deseo de la gente que all\u00ed vive de progresar y, tal como lo vienen haciendo, de &#8220;pasar de la chapa y la madera a los ladrillos y la losa, para as\u00ed darles un futuro mejor a sus hijos y nietos&#8221;.<\/p>\n<p>&nbsp;<\/p>\n<p>&nbsp;<\/p>\n<p>Dice tambi\u00e9n que todas las reflexiones deben hacerse &#8220;desde la base del conocimiento y de una profunda conciencia de igualdad&#8221; porque de lo contrario &#8220;contribuyen a levantar muros y a cavar grietas&#8221;, a &#8220;creerse distinto y no reconocerse iguales, hermanos&#8221;.<\/p>\n<p>&nbsp;<\/p>\n<p>Remarca que los miles de hombres y mujeres que viven en las villas representan la fuerza &#8220;econ\u00f3mica e insustituible del trabajo&#8221;, tanto para la construcci\u00f3n de casas, de la confecci\u00f3n de la ropa, y de la venta de frutas y verduras, adem\u00e1s del cuidado de enfermos y ancianos.<\/p>\n<p>&nbsp;<\/p>\n<p>&nbsp;<\/p>\n<p><strong>Pedido de una &#8220;presencia inteligente del Estado&#8221;<\/strong><\/p>\n<p>Recordaron: &#8220;Es el Estado el que tiene en sus manos las mejores herramientas para esta integraci\u00f3n social y urbana, que nuestros vecinos anhelan. Y uno de los caminos concretos es la generaci\u00f3n de trabajo para los sectores populares. Donde el Estado no est\u00e1 inteligentemente presente, aparecen las organizaciones criminales que principalmente afectan la vida concreta de los vecinos de nuestros barrios&#8221;, se pronunciaron.<\/p>\n","protected":false},"excerpt":{"rendered":"<p>Los sacerdotes respondieron a publicaciones de medios oficialistas que sosten\u00edan que el Papa &#8220;no quiere que los pobres dejen de ser pobres&#8221; &nbsp; &nbsp; &nbsp; El grupo de curas de las villas de Buenos Aires y Gran Buenos Aires expres\u00f3 este jueves su compromiso con la gente que vive en villas y barrios populares, para ayudarlos a vivir mejor, a trav\u00e9s de su &#8220;real integraci\u00f3n urbana y &#8220;con una profunda conciencia de igualdad&#8221;. &nbsp; La carta, que lleva la firma del equipo de Sacerdotes de Villas de capital y provincia,&#8230;<\/p>\n","protected":false},"author":3,"featured_media":22323,"comment_status":"closed","ping_status":"closed","sticky":false,"template":"","format":"standard","meta":[],"categories":[18],"tags":[],"_links":{"self":[{"href":"https:\/\/www.actualidadadiario.com\/index.php\/wp-json\/wp\/v2\/posts\/22322"}],"collection":[{"href":"https:\/\/www.actualidadadiario.com\/index.php\/wp-json\/wp\/v2\/posts"}],"about":[{"href":"https:\/\/www.actualidadadiario.com\/index.php\/wp-json\/wp\/v2\/types\/post"}],"author":[{"embeddable":true,"href":"https:\/\/www.actualidadadiario.com\/index.php\/wp-json\/wp\/v2\/users\/3"}],"replies":[{"embeddable":true,"href":"https:\/\/www.actualidadadiario.com\/index.php\/wp-json\/wp\/v2\/comments?post=22322"}],"version-history":[{"count":1,"href":"https:\/\/www.actualidadadiario.com\/index.php\/wp-json\/wp\/v2\/posts\/22322\/revisions"}],"predecessor-version":[{"id":22324,"href":"https:\/\/www.actualidadadiario.com\/index.php\/wp-json\/wp\/v2\/posts\/22322\/revisions\/22324"}],"wp:featuredmedia":[{"embeddable":true,"href":"https:\/\/www.actualidadadiario.com\/index.php\/wp-json\/wp\/v2\/media\/22323"}],"wp:attachment":[{"href":"https:\/\/www.actualidadadiario.com\/index.php\/wp-json\/wp\/v2\/media?parent=22322"}],"wp:term":[{"taxonomy":"category","embeddable":true,"href":"https:\/\/www.actualidadadiario.com\/index.php\/wp-json\/wp\/v2\/categories?post=22322"},{"taxonomy":"post_tag","embeddable":true,"href":"https:\/\/www.actualidadadiario.com\/index.php\/wp-json\/wp\/v2\/tags?post=22322"}],"curies":[{"name":"wp","href":"https:\/\/api.w.org\/{rel}","templated":true}]}}