{"id":22316,"date":"2018-01-12T12:35:12","date_gmt":"2018-01-12T15:35:12","guid":{"rendered":"http:\/\/actualidadadiario.com\/site\/?p=22316"},"modified":"2018-11-06T19:49:49","modified_gmt":"2018-11-06T22:49:49","slug":"etchevehere-levanta-una-cosecha-record-de-reclamos-de-los-fruteros-del-valle","status":"publish","type":"post","link":"https:\/\/www.actualidadadiario.com\/index.php\/2018\/01\/12\/etchevehere-levanta-una-cosecha-record-de-reclamos-de-los-fruteros-del-valle\/","title":{"rendered":"Etchevehere levanta una cosecha r\u00e9cord de reclamos de los fruteros del Valle"},"content":{"rendered":"<p><em><strong>Est\u00e1 convocada para esta tarde una reuni\u00f3n, en la sede del Ministerio de Agroindustria, de la mesa nacional frut\u00edcola. Los chacareros llevan una extensa lista de pedidos<\/strong><\/em><\/p>\n<p>&nbsp;<\/p>\n<p>&nbsp;<\/p>\n<p>&nbsp;<\/p>\n<p>La mesa nacional frut\u00edcola volver\u00e1 a reunirse este viernes, en la sede del Ministerio de Agroindustria. El titular de esa cartera, Luis Miguel Etchevehere, recibir\u00e1 otro paquete de demandas para darle ox\u00edgeno a una econom\u00eda regional asfixiada por la crisis que atraviesa desde hace d\u00e9cadas. Los productores, enrolados en la Federaci\u00f3n de R\u00edo Negro y Neuqu\u00e9n, al igual que ministros provinciales, empresarios y representantes de c\u00e1maras exportadoras est\u00e1n invitados a dialogar. Esta ser\u00e1 la primera reuni\u00f3n del sector tras la salida de Ricardo Buryaile. A mediados de diciembre, cuando Etchevehere desembarcaba en el cargo, una lista de reclamos lleg\u00f3 a su despacho. Pero, esta vez, escuchar\u00e1 de los protagonistas los inconvenientes que existen en los valles.<\/p>\n<p>&nbsp;<\/p>\n<p>Alberto Diomedi, ministro de Agricultura, Ganader\u00eda y Pesca rionegrino, ratific\u00f3 \u00a0su presencia para imitar el di\u00e1logo de principios de esta semana, cuando cit\u00f3 a la Secretar\u00eda de Fruticultura, en Allen, a un pu\u00f1ado de federados. Luego de algunos momentos de tensi\u00f3n, acord\u00f3 volver a discutir el Libro Blanco propuesto por el gobernador Alberto Weretilneck. El mismo, destac\u00f3 el funcionario, es la posibilidad concreta de revertir a\u00f1os de mala gesti\u00f3n.<\/p>\n<p>&nbsp;<\/p>\n<p>&nbsp;<\/p>\n<p>&nbsp;<\/p>\n<p><strong>Pedidos<\/strong><\/p>\n<p>El 15 de diciembre pasado, la Federaci\u00f3n de productores de R\u00edo Negro y Neuqu\u00e9n le envi\u00f3 dos cartas a Etchevehere. La primera, que describ\u00eda el pobre nivel de rentabilidad que generaban los campos de pera y manzana, y la imposibilidad de encarar la cosecha 2018 (la temporada comenz\u00f3 hace horas), era insignificante a la segunda que vaticin\u00f3 un grave problema sanitario. Para los chacareros, es \u201calt\u00edsimo\u201d el porcentaje de fruta que no ser\u00e1 cosechado y eso abrir\u00e1 el camino a otro problema m\u00e1s que podr\u00eda golpear la temporada 2018\/19. Y resaltaron que \u201cel esfuerzo\u201d realizado por el Estado nacional se \u201cderrumbar\u00e1\u201d cuando no se levante la fruta.<\/p>\n<p>&nbsp;<\/p>\n<p>Siete fueron las medidas que detallaron en uno de los adjuntos que le lleg\u00f3 a Etchevehere. La primera, busca compensar la producci\u00f3n primaria con el costo de la cosecha por el valor de $1,5 por kilo de fruta. En relaci\u00f3n, resaltan los productores, ese costo va s\u00f3lo en mano de obra y servir\u00eda para mantener los puestos de trabajo.<\/p>\n<p>&nbsp;<\/p>\n<p>El segundo apunta a que la actividad primaria pueda adherir, y ser beneficiaria del programa REPRO. Una flexibilizaci\u00f3n administrativa para el ingreso -resaltan- servir\u00eda para contar con esa operatoria a partir de la cosecha de este a\u00f1o y en todas las actividades culturales (poda, raleo) que se realizan en las chacras. La tercera, en car\u00e1cter de urgente, es la aprobaci\u00f3n de la adenda de la operatoria de poda 2017, que significar\u00eda un respiro de 70 millones de pesos.<\/p>\n<p>&nbsp;<\/p>\n<p>La cuarta es la declaraci\u00f3n nacional emergencia y\/o desastre agropecuario ante da\u00f1os ocasionados por las heladas o el granizo de las temporadas 2016\/2017. La suma, si se avala, ser\u00eda de 85 millones de pesos. La quinta, se encuadra en la reducci\u00f3n de costos laborales y financieros. El sexto, es que se allane el camino -mediante ley nacional- para que los chacareros puedan percibir el costo de producci\u00f3n m\u00e1s un margen de utilidad por su fruta.<\/p>\n<p>&nbsp;<\/p>\n<p>El \u00faltimo de los puntos exig\u00eda la reglamentaci\u00f3n de la ley 27354, decisi\u00f3n que tom\u00f3 el presidente Mauricio Macri el primer d\u00eda h\u00e1bil del a\u00f1o mientras descansaba en el exclusivo country Cumel\u00e9n, de Villa La Angostura.<\/p>\n<p>&nbsp;<\/p>\n<p>Al respecto, fuentes del Ministerio de Agroindustria resaltaron la disposici\u00f3n al &#8220;di\u00e1logo&#8221; y la posibilidad de un primer encuentro, de los que esperan, sean varios este a\u00f1o.<\/p>\n","protected":false},"excerpt":{"rendered":"<p>Est\u00e1 convocada para esta tarde una reuni\u00f3n, en la sede del Ministerio de Agroindustria, de la mesa nacional frut\u00edcola. Los chacareros llevan una extensa lista de pedidos &nbsp; &nbsp; &nbsp; La mesa nacional frut\u00edcola volver\u00e1 a reunirse este viernes, en la sede del Ministerio de Agroindustria. El titular de esa cartera, Luis Miguel Etchevehere, recibir\u00e1 otro paquete de demandas para darle ox\u00edgeno a una econom\u00eda regional asfixiada por la crisis que atraviesa desde hace d\u00e9cadas. Los productores, enrolados en la Federaci\u00f3n de R\u00edo Negro y Neuqu\u00e9n, al igual que ministros&#8230;<\/p>\n","protected":false},"author":3,"featured_media":22317,"comment_status":"closed","ping_status":"closed","sticky":false,"template":"","format":"standard","meta":[],"categories":[2],"tags":[],"_links":{"self":[{"href":"https:\/\/www.actualidadadiario.com\/index.php\/wp-json\/wp\/v2\/posts\/22316"}],"collection":[{"href":"https:\/\/www.actualidadadiario.com\/index.php\/wp-json\/wp\/v2\/posts"}],"about":[{"href":"https:\/\/www.actualidadadiario.com\/index.php\/wp-json\/wp\/v2\/types\/post"}],"author":[{"embeddable":true,"href":"https:\/\/www.actualidadadiario.com\/index.php\/wp-json\/wp\/v2\/users\/3"}],"replies":[{"embeddable":true,"href":"https:\/\/www.actualidadadiario.com\/index.php\/wp-json\/wp\/v2\/comments?post=22316"}],"version-history":[{"count":1,"href":"https:\/\/www.actualidadadiario.com\/index.php\/wp-json\/wp\/v2\/posts\/22316\/revisions"}],"predecessor-version":[{"id":22318,"href":"https:\/\/www.actualidadadiario.com\/index.php\/wp-json\/wp\/v2\/posts\/22316\/revisions\/22318"}],"wp:featuredmedia":[{"embeddable":true,"href":"https:\/\/www.actualidadadiario.com\/index.php\/wp-json\/wp\/v2\/media\/22317"}],"wp:attachment":[{"href":"https:\/\/www.actualidadadiario.com\/index.php\/wp-json\/wp\/v2\/media?parent=22316"}],"wp:term":[{"taxonomy":"category","embeddable":true,"href":"https:\/\/www.actualidadadiario.com\/index.php\/wp-json\/wp\/v2\/categories?post=22316"},{"taxonomy":"post_tag","embeddable":true,"href":"https:\/\/www.actualidadadiario.com\/index.php\/wp-json\/wp\/v2\/tags?post=22316"}],"curies":[{"name":"wp","href":"https:\/\/api.w.org\/{rel}","templated":true}]}}