{"id":22304,"date":"2018-01-12T12:29:59","date_gmt":"2018-01-12T15:29:59","guid":{"rendered":"http:\/\/actualidadadiario.com\/site\/?p=22304"},"modified":"2018-11-06T19:51:27","modified_gmt":"2018-11-06T22:51:27","slug":"oficial-la-inflacion-rozo-el-25-en-2017-en-diciembre-marco-31-peor-a-lo-previsto","status":"publish","type":"post","link":"https:\/\/www.actualidadadiario.com\/index.php\/2018\/01\/12\/oficial-la-inflacion-rozo-el-25-en-2017-en-diciembre-marco-31-peor-a-lo-previsto\/","title":{"rendered":"Oficial: la inflaci\u00f3n roz\u00f3 el 25% en 2017 (en diciembre marc\u00f3 3,1%, peor a lo previsto)"},"content":{"rendered":"<p><em><strong>El \u00cdndice de Precios al Consumidor a nivel nacional subi\u00f3 en diciembre 3,1%, el dato m\u00e1s alto en un a\u00f1o y medio (y peor a lo previsto), mientras que a lo largo de 2017 sum\u00f3 24,8%, casi ocho puntos porcentuales por encima del techo de la meta oficial (17%)<\/strong><\/em><\/p>\n<p>&nbsp;<\/p>\n<p>&nbsp;<\/p>\n<p>&nbsp;<\/p>\n<p>&nbsp;<\/p>\n<p>Seg\u00fan inform\u00f3 esta tarde el Instituto Nacional de Estad\u00edstica y Censos (INDEC), la suba de diciembre, la m\u00e1s importante de 2017, estuvo impulsada por un aumento promedio de 17% en las tarifas de luz, gas y otros combustibles.<\/p>\n<p>&nbsp;<\/p>\n<p>Este mismo rubro subi\u00f3 55,6% a lo largo del a\u00f1o pasado, seguido por un alza acumulada de 34,1% en comunicaciones y 31,5% en educaci\u00f3n, entre otros.<\/p>\n<p>&nbsp;<\/p>\n<p>El Gobierno concluye as\u00ed sus dos a\u00f1os de gesti\u00f3n con una inflaci\u00f3n superior al 60%.<\/p>\n<p>&nbsp;<\/p>\n<p>Por su parte, el \u00cdndice de Precios al Consumidor (IPC) en la ciudad de Buenos Aires y alrededores registr\u00f3 en diciembre un alza de 3,4%.<\/p>\n<p>&nbsp;<\/p>\n<p>A su vez, los bienes tuvieron el mes pasado una variaci\u00f3n del 1,2%, mientras que los servicios aumentaron un 6,5%, unos datos que ascienden al 20,1% y al 34,2%, respectivamente, en el conjunto de los doce meses.<\/p>\n<p>&nbsp;<\/p>\n<p>El \u00cdndice de Precios al Consumidor (IPC) actual, con informaci\u00f3n de todo el pa\u00eds, se present\u00f3 en julio pasado despu\u00e9s de la profunda reestructuraci\u00f3n del organismo de estad\u00edsticas impulsada por el Gobierno. Es por eso que 2016 se cerr\u00f3 sin datos de car\u00e1cter nacional.<\/p>\n<p>&nbsp;<\/p>\n<p>Sin embargo, en forma paralela a los datos oficiales, la oposici\u00f3n en el Congreso difunde cada mes una medici\u00f3n del IPC, con base en c\u00e1lculos de consultoras privadas.<\/p>\n<p>&nbsp;<\/p>\n<p>El denominado &#8220;IPC Congreso&#8221; registr\u00f3 una suba acumulada en todo 2016 del 40,3%, la m\u00e1s alta de los \u00faltimos 15 a\u00f1os.<\/p>\n","protected":false},"excerpt":{"rendered":"<p>El \u00cdndice de Precios al Consumidor a nivel nacional subi\u00f3 en diciembre 3,1%, el dato m\u00e1s alto en un a\u00f1o y medio (y peor a lo previsto), mientras que a lo largo de 2017 sum\u00f3 24,8%, casi ocho puntos porcentuales por encima del techo de la meta oficial (17%) &nbsp; &nbsp; &nbsp; &nbsp; Seg\u00fan inform\u00f3 esta tarde el Instituto Nacional de Estad\u00edstica y Censos (INDEC), la suba de diciembre, la m\u00e1s importante de 2017, estuvo impulsada por un aumento promedio de 17% en las tarifas de luz, gas y otros&#8230;<\/p>\n","protected":false},"author":3,"featured_media":22305,"comment_status":"closed","ping_status":"closed","sticky":false,"template":"","format":"standard","meta":[],"categories":[2],"tags":[],"_links":{"self":[{"href":"https:\/\/www.actualidadadiario.com\/index.php\/wp-json\/wp\/v2\/posts\/22304"}],"collection":[{"href":"https:\/\/www.actualidadadiario.com\/index.php\/wp-json\/wp\/v2\/posts"}],"about":[{"href":"https:\/\/www.actualidadadiario.com\/index.php\/wp-json\/wp\/v2\/types\/post"}],"author":[{"embeddable":true,"href":"https:\/\/www.actualidadadiario.com\/index.php\/wp-json\/wp\/v2\/users\/3"}],"replies":[{"embeddable":true,"href":"https:\/\/www.actualidadadiario.com\/index.php\/wp-json\/wp\/v2\/comments?post=22304"}],"version-history":[{"count":1,"href":"https:\/\/www.actualidadadiario.com\/index.php\/wp-json\/wp\/v2\/posts\/22304\/revisions"}],"predecessor-version":[{"id":22306,"href":"https:\/\/www.actualidadadiario.com\/index.php\/wp-json\/wp\/v2\/posts\/22304\/revisions\/22306"}],"wp:featuredmedia":[{"embeddable":true,"href":"https:\/\/www.actualidadadiario.com\/index.php\/wp-json\/wp\/v2\/media\/22305"}],"wp:attachment":[{"href":"https:\/\/www.actualidadadiario.com\/index.php\/wp-json\/wp\/v2\/media?parent=22304"}],"wp:term":[{"taxonomy":"category","embeddable":true,"href":"https:\/\/www.actualidadadiario.com\/index.php\/wp-json\/wp\/v2\/categories?post=22304"},{"taxonomy":"post_tag","embeddable":true,"href":"https:\/\/www.actualidadadiario.com\/index.php\/wp-json\/wp\/v2\/tags?post=22304"}],"curies":[{"name":"wp","href":"https:\/\/api.w.org\/{rel}","templated":true}]}}