{"id":22289,"date":"2018-01-12T12:24:59","date_gmt":"2018-01-12T15:24:59","guid":{"rendered":"http:\/\/actualidadadiario.com\/site\/?p=22289"},"modified":"2018-11-06T19:50:44","modified_gmt":"2018-11-06T22:50:44","slug":"la-sequia-ya-afecta-al-80-de-los-suelos-entrerrianos","status":"publish","type":"post","link":"https:\/\/www.actualidadadiario.com\/index.php\/2018\/01\/12\/la-sequia-ya-afecta-al-80-de-los-suelos-entrerrianos\/","title":{"rendered":"La sequ\u00eda ya afecta al 80% de los suelos entrerrianos"},"content":{"rendered":"<p><em><strong>El calor y la ausencia de precipitaciones significativas caracterizaron a los primeros d\u00edas del a\u00f1o en Entre R\u00edos y, ante este escenario, los cultivos de verano, mermar\u00e1n sus rendimientos<\/strong><\/em><\/p>\n<p>&nbsp;<\/p>\n<p>&nbsp;<\/p>\n<p>&nbsp;<\/p>\n<p>El panorama cr\u00edtico -con un 80% de los suelos en estado de sequ\u00eda y el resto con reservas escasas-, sin embargo, podr\u00eda comenzar a revertirse este fin de semana con la ocurrencia de precipitaciones que se ubicar\u00edan entre los 30 y 50 mil\u00edmetros, registros que si bien parecen escasos para las necesidades de los cultivos acaso marquen un cambio de tendencia.<\/p>\n<p>&nbsp;<\/p>\n<p>La primera d\u00e9cada de enero dej\u00f3 &#8220;magros aportes pluviales&#8221; en la provincia, observ\u00e1ndose adem\u00e1s &#8220;las condiciones ambientales de ola de calor que se arrastraban desde las \u00faltimas jornadas de diciembre&#8221;, se\u00f1ala el Sistema de Informaci\u00f3n de la Bolsa de Cereales de Entre R\u00edos (Siber) en su \u00faltimo informe sobre el estado de las reservas.<\/p>\n<p>&nbsp;<\/p>\n<p>Agrega que casi toda la provincia recibi\u00f3 precipitaciones. Las mismas, rese\u00f1a el Siber, se concentraron en la noche del viernes y la madrugada del s\u00e1bado pasados, pero no hubo reportes superiores a los 10 mil\u00edmetros, y en general han predominado marcas por debajo de los 5 mil\u00edmetros. En esta \u00e9poca del a\u00f1o &#8220;es como decir que no ha llovido nada&#8221;, remarca.<\/p>\n<p>&nbsp;<\/p>\n<p>&#8220;La estabilidad estructural que ha dominado la transici\u00f3n anual ha condicionado significativamente el desarrollo de los sistemas precipitantes y esta condici\u00f3n se ha concretado a gran escala, no es restrictivo a la provincia de Entre R\u00edos. En general se observaron mejores precipitaciones sobre el oeste, fundamentalmente en C\u00f3rdoba, el NOA y el oeste del NEA. El resto de las zonas agr\u00edcolas del pa\u00eds reclama en forma perentoria el cambio en el patr\u00f3n pluvial.<\/p>\n<p>&nbsp;<\/p>\n<p>Sabiendo que el \u00faltimo trimestre del a\u00f1o pasado dej\u00f3 lluvias deficitarias en buena parte de la provincia, la condici\u00f3n de humedad, l\u00f3gicamente, presenta un escenario distinto al que se observ\u00f3 a comienzos del a\u00f1o pasado. Igualmente, es menester destacar que desde mediados de diciembre a mediados de enero, aparecen con mayor probabilidad los per\u00edodos secos y con temperaturas extremas, tales como los que estamos transitando&#8221;, a\u00f1ade el informe del Siber.<\/p>\n<p>&nbsp;<\/p>\n<p>En concreto, con zonas que atrasaban deficiencias pluviales y que no encontraron respuestas en estos primeros diez d\u00edas del a\u00f1o, es l\u00f3gico que se transite un estado que &#8220;puede considerarse cr\u00edtico&#8221; y que &#8220;pone mucha expectativa en la performance pluvial del sistema frontal del fin de semana&#8221;. Es posible esperar aportes de entre 30 y 50 mil\u00edmetros, subraya el Siber.<\/p>\n<p>&nbsp;<\/p>\n<p>&nbsp;<\/p>\n<p>&nbsp;<\/p>\n<p><strong>Reservas<\/strong><\/p>\n<p>El balance h\u00eddrico, obviamente, retrocede al ritmo de la escasa oferta pluvial y la sequ\u00eda encuentra liberado el paso para tomar casi todas las \u00e1reas productivas de la provincia.<\/p>\n<p>&nbsp;<\/p>\n<p>El Siber sostiene que este estado de sequ\u00eda se ha repetido en muchas otras oportunidades en los meses de enero. El punto clave, enfatiza, es la persistencia de la misma.<\/p>\n<p>&nbsp;<\/p>\n<p>&#8220;Es probable que los ma\u00edces tempranos ya hayan sufrido un deterioro que seguramente se pagar\u00e1 con rendimientos. Los cultivares que lograron el auxilio en floraci\u00f3n durante la segunda quincena de diciembre la pueden llevar mejor. Tambi\u00e9n la soja puede tener mejor capacidad para sobrellevar este estado y con lluvias oportunas, el cultivo lograr\u00e1 recuperarse&#8221;, eval\u00faa el Siber.<\/p>\n<p>&nbsp;<\/p>\n<p>Esta situaci\u00f3n, en definitiva, advierte sobre una situaci\u00f3n muy ajustada y cuantifica la magnitud de la demanda pluvial, ya que pr\u00e1cticamente no existe zona donde la necesidad h\u00eddrica no sea significativa.<\/p>\n<p>&nbsp;<\/p>\n<p>Las lluvias de ma\u00f1ana y el domingo &#8220;est\u00e1n pr\u00e1cticamente garantizadas&#8221;, pero &#8220;el temor radica en que el paso de las tormentas sea r\u00e1pido sobre el sur y deje vol\u00famenes bajos (menores a 30 mm). Del centro para el norte este riesgo ser\u00eda m\u00e1s bajo.<\/p>\n","protected":false},"excerpt":{"rendered":"<p>El calor y la ausencia de precipitaciones significativas caracterizaron a los primeros d\u00edas del a\u00f1o en Entre R\u00edos y, ante este escenario, los cultivos de verano, mermar\u00e1n sus rendimientos &nbsp; &nbsp; &nbsp; El panorama cr\u00edtico -con un 80% de los suelos en estado de sequ\u00eda y el resto con reservas escasas-, sin embargo, podr\u00eda comenzar a revertirse este fin de semana con la ocurrencia de precipitaciones que se ubicar\u00edan entre los 30 y 50 mil\u00edmetros, registros que si bien parecen escasos para las necesidades de los cultivos acaso marquen un&#8230;<\/p>\n","protected":false},"author":3,"featured_media":22290,"comment_status":"closed","ping_status":"closed","sticky":false,"template":"","format":"standard","meta":[],"categories":[9,15],"tags":[],"_links":{"self":[{"href":"https:\/\/www.actualidadadiario.com\/index.php\/wp-json\/wp\/v2\/posts\/22289"}],"collection":[{"href":"https:\/\/www.actualidadadiario.com\/index.php\/wp-json\/wp\/v2\/posts"}],"about":[{"href":"https:\/\/www.actualidadadiario.com\/index.php\/wp-json\/wp\/v2\/types\/post"}],"author":[{"embeddable":true,"href":"https:\/\/www.actualidadadiario.com\/index.php\/wp-json\/wp\/v2\/users\/3"}],"replies":[{"embeddable":true,"href":"https:\/\/www.actualidadadiario.com\/index.php\/wp-json\/wp\/v2\/comments?post=22289"}],"version-history":[{"count":1,"href":"https:\/\/www.actualidadadiario.com\/index.php\/wp-json\/wp\/v2\/posts\/22289\/revisions"}],"predecessor-version":[{"id":22291,"href":"https:\/\/www.actualidadadiario.com\/index.php\/wp-json\/wp\/v2\/posts\/22289\/revisions\/22291"}],"wp:featuredmedia":[{"embeddable":true,"href":"https:\/\/www.actualidadadiario.com\/index.php\/wp-json\/wp\/v2\/media\/22290"}],"wp:attachment":[{"href":"https:\/\/www.actualidadadiario.com\/index.php\/wp-json\/wp\/v2\/media?parent=22289"}],"wp:term":[{"taxonomy":"category","embeddable":true,"href":"https:\/\/www.actualidadadiario.com\/index.php\/wp-json\/wp\/v2\/categories?post=22289"},{"taxonomy":"post_tag","embeddable":true,"href":"https:\/\/www.actualidadadiario.com\/index.php\/wp-json\/wp\/v2\/tags?post=22289"}],"curies":[{"name":"wp","href":"https:\/\/api.w.org\/{rel}","templated":true}]}}