{"id":22286,"date":"2018-01-12T12:24:08","date_gmt":"2018-01-12T15:24:08","guid":{"rendered":"http:\/\/actualidadadiario.com\/site\/?p=22286"},"modified":"2018-11-06T19:48:01","modified_gmt":"2018-11-06T22:48:01","slug":"bordet-ratifico-la-asignacion-de-fondos-para-la-economia-social-durante-2018","status":"publish","type":"post","link":"https:\/\/www.actualidadadiario.com\/index.php\/2018\/01\/12\/bordet-ratifico-la-asignacion-de-fondos-para-la-economia-social-durante-2018\/","title":{"rendered":"Bordet ratific\u00f3 la asignaci\u00f3n de fondos para la econom\u00eda social durante 2018"},"content":{"rendered":"<p><em><strong>\u201cEl desarrollo de nuestra provincia no s\u00f3lo se relaciona con las grandes empresas y productores, sino con los micro emprendedores que con el esfuerzo de sus manos forjan un futuro y garantizan para sus hijos el ejemplo de los que se puede lograr cuando hay voluntad y vocaci\u00f3n\u201d, indic\u00f3 Bordet<\/strong><\/em><\/p>\n<p>&nbsp;<\/p>\n<p>&nbsp;<\/p>\n<p>&nbsp;<\/p>\n<p>El mandatario dijo que son 5.000 los emprendedores en Entre R\u00edos y adelant\u00f3 que se trabaja para llegar a Buenos Aires con rondas de negocios para el sector.<\/p>\n<p>&nbsp;<\/p>\n<p>Los microcr\u00e9ditos son financiamiento de base solidaria, con garant\u00eda en la palabra de los emprendedores. Se conceden escalonadamente y con un inter\u00e9s del cero por ciento. El dinero se devuelve en un per\u00edodo de tiempo acorde al monto solicitado abonando una cuota m\u00ednima semanal.<\/p>\n<p>&nbsp;<\/p>\n<p>Bordet recorri\u00f3 este jueves junto a la ministra de Desarrollo Social, Laura Stratta, dos microemprendimientos de la ciudad de Paran\u00e1 y destac\u00f3 la importancia que esta actividad tiene en la generaci\u00f3n de empleo y en la econom\u00eda de la provincia.<\/p>\n<p>&nbsp;<\/p>\n<p>Explic\u00f3 que estas actividades, que se desarrollan en toda la provincia, est\u00e1n respaldadas desde el gobierno con fondos espec\u00edficamente asignados y que tendr\u00e1n continuidad.<\/p>\n<p>&nbsp;<\/p>\n<p>\u201cEsto forma parte de los programas que tenemos con el Ministerio de Desarrollo Social y tienden a fomentar la generaci\u00f3n de empleo de muchos emprendimientos familiares que se generan a trav\u00e9s de una idea. Lo que hacemos es dar la apoyatura t\u00e9cnica y soporte a trav\u00e9s de microcr\u00e9ditos para poder llegar a un producto terminado que despu\u00e9s se comercializa en ferias y rondas de negocios que tienen vinculaci\u00f3n directa entre quien lo produce y el vecino consumidor\u201d, detall\u00f3 Bordet.<\/p>\n<p>&nbsp;<\/p>\n<p>Adelant\u00f3 que se est\u00e1 promocionando la marca Manos Entrerrianas y que tambi\u00e9n se est\u00e1 trabajando para llegar a Buenos Aires, a trav\u00e9s de la Casa de Entre R\u00edos, para realizar all\u00ed rondas de negocios con los microemprendedores entrerrianos.<\/p>\n<p>&nbsp;<\/p>\n<p>\u201cEstos no son programas improvisados sino que tienen un fondeo y una asignaci\u00f3n de recursos que est\u00e1n destinados a financiar los emprendimientos y tambi\u00e9n a generar oportunidades de ventas\u201d, explic\u00f3 el gobernador y aclar\u00f3 que la devoluci\u00f3n de los microcr\u00e9ditos por parte de los emprendedores es casi del ciento por ciento.<\/p>\n<p>&nbsp;<\/p>\n<p>&nbsp;<\/p>\n<p><strong>Ronda de negocios<\/strong><\/p>\n<p>Haciendo referencia a la ronda de negocios, la titular de cartera social, Laura Stratta, se\u00f1al\u00f3: \u201cEsta es una estrategia de comercializaci\u00f3n que nos permite mostrar la producci\u00f3n que realizan los emprendedores de la econom\u00eda social. Estamos fomentando el consumo responsable, por eso convocamos a empresas e instituciones de la regi\u00f3n para que conozcan los productos, y vean con la buena calidad con la que se elaboran. Ellos forman parte de la marca colectiva de nuestra provincia Manos Entrerrianas, de la cual participan m\u00e1s de 100 emprendedores entrerrianos\u201d.<\/p>\n<p>&nbsp;<\/p>\n<p>&nbsp;<\/p>\n<p>&nbsp;<\/p>\n<p><strong>La recorrida<\/strong><\/p>\n<p>En primer lugar Bordet visit\u00f3 junto a Stratta el emprendimiento DyC Pines Paran\u00e1, cuya responsable es Diana Savio. Hace ocho a\u00f1os que junto a su esposo Cristian lleva adelante la actividad que consiste en el dise\u00f1o de pines prendedores, llaveros, destapadores, imanes y relojes, entro elementos que comercializan en diferentes sectores, entre ellos las ferias y rondas de negocios que organiza el Ministerio de Desarrollo Social.<\/p>\n<p>&nbsp;<\/p>\n<p>La actividad que desempe\u00f1an es sustento familiar ya que luego de un accidente Cristian qued\u00f3 incapacitado. El gobernador los felicit\u00f3 por la iniciativa y ratific\u00f3 la continuidad del apoyo a este tipo de emprendimientos.<\/p>\n<p>&nbsp;<\/p>\n<p>Los emprendedores se mostraron agradecidos por el apoyo del gobierno con los microcr\u00e9ditos, que les ha permitido seguir creciendo. Adem\u00e1s, recibieron una m\u00e1quina para realizar sus trabajos, que fue aportada por el Ministerio de Desarrollo Social.<\/p>\n<p>&nbsp;<\/p>\n<p>Asimismo, destacaron las oportunidades de contactos y ventas que les dieron las rondas de negocios organizadas por el Ministerio. Seg\u00fan manifestaron, las ventas en su mayor\u00eda son por Internet y tambi\u00e9n visitan escuelas, empresas e instituciones deportivas.<\/p>\n<p>&nbsp;<\/p>\n<p>\u201cEstamos muy agradecidos por la visita y el apoyo del gobernador. Nosotros hace ocho a\u00f1os que estamos con esto, lo empezamos para probar, muchas veces hemos querido tirar la toalla y no seguir pero hay que ser perseverante con las cosas, seguir y trabajar para progresar y afianzarse en lo que se hace\u201d, indic\u00f3 Cristian.<\/p>\n<p>&nbsp;<\/p>\n<p>Luego el mandatario visit\u00f3 Orale Sabores Mexicanos, tambi\u00e9n de Paran\u00e1, cuya emprendedora es Valeria Navoni, que realiza especialidades de comidas en burritos, con rellenos t\u00edpicos de carne y verduras. Tambi\u00e9n ofrecen tacos, en tortillas de trigo o ma\u00edz, quesadillas y tortas, acompa\u00f1ados de ricas salsas.<\/p>\n<p>&nbsp;<\/p>\n<p>\u201cNosotros estuvimos mucho tiempo fuera del pa\u00eds, hace tres a\u00f1os que llegamos y mis hijos y mi esposo no com\u00edan la tortilla que se hace ac\u00e1. Su familia tuvo restaurante en M\u00e9xico y empezamos a fabricarlas primero para comer nosotros, luego la comercializamos en ferias y ahora tenemos el restaurante que abrimos de noche. Es un emprendimiento que lo hacemos en familia, venimos todos juntos, todos los d\u00edas, con muchas ganas y le ponemos todas las pilas\u201d, indic\u00f3 Valeria Navoni, y agradeci\u00f3 el apoyo brindado por el gobierno provincial.<\/p>\n<p>&nbsp;<\/p>\n<p>&nbsp;<\/p>\n<p>&nbsp;<\/p>\n<p><strong>Microcr\u00e9ditos<\/strong><\/p>\n<p>El Programa de Acceso y Financiamiento al cr\u00e9dito para la econom\u00eda social se descentraliza a trav\u00e9s de los Centros de Econom\u00eda Social (CES) de toda la provincia. Los CES se pusieron en marcha luego de la sanci\u00f3n de la ley 10.151 de Econom\u00eda Social, la cual profundiza la pol\u00edtica de acompa\u00f1amiento por parte del Estado provincial a los sectores m\u00e1s vulnerables, a fin de generar autoempleo mediante proyectos productivos, de comercializaci\u00f3n o de servicios.<\/p>\n<p>&nbsp;<\/p>\n<p>El programa cuenta con el acompa\u00f1amiento constante a los emprendedores por parte de los promotores para la econom\u00eda social. Estos son quienes coordinan los grupos, afianzan los v\u00ednculos entre los integrante y colaboran con el armado de los proyectos.<\/p>\n","protected":false},"excerpt":{"rendered":"<p>\u201cEl desarrollo de nuestra provincia no s\u00f3lo se relaciona con las grandes empresas y productores, sino con los micro emprendedores que con el esfuerzo de sus manos forjan un futuro y garantizan para sus hijos el ejemplo de los que se puede lograr cuando hay voluntad y vocaci\u00f3n\u201d, indic\u00f3 Bordet &nbsp; &nbsp; &nbsp; El mandatario dijo que son 5.000 los emprendedores en Entre R\u00edos y adelant\u00f3 que se trabaja para llegar a Buenos Aires con rondas de negocios para el sector. &nbsp; Los microcr\u00e9ditos son financiamiento de base solidaria, con&#8230;<\/p>\n","protected":false},"author":3,"featured_media":22287,"comment_status":"closed","ping_status":"closed","sticky":false,"template":"","format":"standard","meta":[],"categories":[9,15],"tags":[],"_links":{"self":[{"href":"https:\/\/www.actualidadadiario.com\/index.php\/wp-json\/wp\/v2\/posts\/22286"}],"collection":[{"href":"https:\/\/www.actualidadadiario.com\/index.php\/wp-json\/wp\/v2\/posts"}],"about":[{"href":"https:\/\/www.actualidadadiario.com\/index.php\/wp-json\/wp\/v2\/types\/post"}],"author":[{"embeddable":true,"href":"https:\/\/www.actualidadadiario.com\/index.php\/wp-json\/wp\/v2\/users\/3"}],"replies":[{"embeddable":true,"href":"https:\/\/www.actualidadadiario.com\/index.php\/wp-json\/wp\/v2\/comments?post=22286"}],"version-history":[{"count":1,"href":"https:\/\/www.actualidadadiario.com\/index.php\/wp-json\/wp\/v2\/posts\/22286\/revisions"}],"predecessor-version":[{"id":22288,"href":"https:\/\/www.actualidadadiario.com\/index.php\/wp-json\/wp\/v2\/posts\/22286\/revisions\/22288"}],"wp:featuredmedia":[{"embeddable":true,"href":"https:\/\/www.actualidadadiario.com\/index.php\/wp-json\/wp\/v2\/media\/22287"}],"wp:attachment":[{"href":"https:\/\/www.actualidadadiario.com\/index.php\/wp-json\/wp\/v2\/media?parent=22286"}],"wp:term":[{"taxonomy":"category","embeddable":true,"href":"https:\/\/www.actualidadadiario.com\/index.php\/wp-json\/wp\/v2\/categories?post=22286"},{"taxonomy":"post_tag","embeddable":true,"href":"https:\/\/www.actualidadadiario.com\/index.php\/wp-json\/wp\/v2\/tags?post=22286"}],"curies":[{"name":"wp","href":"https:\/\/api.w.org\/{rel}","templated":true}]}}