{"id":22280,"date":"2018-01-12T12:22:05","date_gmt":"2018-01-12T15:22:05","guid":{"rendered":"http:\/\/actualidadadiario.com\/site\/?p=22280"},"modified":"2018-11-06T19:50:12","modified_gmt":"2018-11-06T22:50:12","slug":"iosper-pondra-en-marcha-un-programa-para-atender-y-acompanar-a-personas-con-discapacidad","status":"publish","type":"post","link":"https:\/\/www.actualidadadiario.com\/index.php\/2018\/01\/12\/iosper-pondra-en-marcha-un-programa-para-atender-y-acompanar-a-personas-con-discapacidad\/","title":{"rendered":"Iosper pondr\u00e1 en marcha un programa para atender y acompa\u00f1ar a personas con discapacidad"},"content":{"rendered":"<p><em><strong>Las autoridades del Instituto Obra Social de Entre R\u00edos (Iosper) firmaron con padres de afiliados con discapacidades un acta acuerdo por la que la prestadora pondr\u00e1 en marcha el Programa de Asistencia a la Familia (PAF)<\/strong><\/em><\/p>\n<p>&nbsp;<\/p>\n<p>&nbsp;<\/p>\n<p>&nbsp;<\/p>\n<p>Se les eximir\u00e1 de coseguro, se producir\u00e1 una actualizaci\u00f3n autom\u00e1tica de aranceles a profesionales, se regularizar\u00e1 el pago de reintegro y se otorgar\u00e1n 12 \u00f3rdenes de consulta sin auditor\u00eda previa, inform\u00f3 el presidente del directorio, Fernando Ca\u00f1ete.<\/p>\n<p>&nbsp;<\/p>\n<p>En la reuni\u00f3n -que dio continuidad al encuentro que se realiz\u00f3 en Casa de Gobierno con el vicegobernador de la provincia, Ad\u00e1n Bahl- se rubric\u00f3 un acta con los compromisos que se hab\u00edan asumido, dijo Ca\u00f1ete, quien remarc\u00f3 que \u201chubo un total acuerdo entre las partes y se pact\u00f3 una mesa de trabajo que permitir\u00e1 ir resolviendo distintos problemas administrativos que se presenten con relaci\u00f3n a los afiliados con discapacidad, que hoy son 5.719\u201d.<\/p>\n<p>&nbsp;<\/p>\n<p>En ese sentido, destac\u00f3 que la instancia fue \u201cun hecho muy importante, que fue valorada por los padres, donde se asumi\u00f3 el compromiso de regularizar el pago de las \u00f3rdenes y se pact\u00f3 la conformaci\u00f3n del Programa de la Familia (PAF), que dar\u00e1 respuesta a los problemas de salud y, fundamentalmente, a la contenci\u00f3n de familiares de chicos con discapacidad\u201d.<\/p>\n<p>&nbsp;<\/p>\n<p>Al respecto, el gerente Prestacional, Sergio Elizar, detall\u00f3 que se acordaron ocho puntos principales: \u201cQue Iosper cancelar\u00e1 el 12 de este mes todas las liquidaciones con \u00f3rdenes de pago efectuadas al 30 de noviembre de 2017 y regularizar\u00e1 los meses sucesivos en funci\u00f3n de los recursos; que se actualizar\u00e1 de forma autom\u00e1tica, desde enero, los aranceles profesionales; se otorgar\u00e1n 12 \u00f3rdenes de consulta sin auditor\u00eda previa; se eximir\u00e1 de coseguro en ordenes de consulta y pr\u00e1cticas vinculadas directamente con el diagn\u00f3stico del Certificado \u00danico de Discapacidad\u201d. Tambi\u00e9n, detall\u00f3 que \u201cse realizar\u00e1 un convenio prestacional con el hospital de La Baxada, por consultas con profesionales especialistas en neurolog\u00eda infantil y de adultos; se crea el PAF desde febrero del 2018, que ofrecer\u00e1 herramientas de asesoramiento y apoyo psicosocial a familiares y personas con discapacidad; se generar\u00e1 una mesa de trabajo; y la Obra Social seguir\u00e1 planteando al Consejo General de Educaci\u00f3n (CGE) el pago, control y supervisi\u00f3n de las maestras<\/p>\n<p>&nbsp;<\/p>\n<p>En ese sentido, Elizar remarc\u00f3 que a la brevedad, se volver\u00e1 a convocar a los padres representantes de los afiliados -Nancy L\u00f3pez, Cecilia Medina, Mar\u00eda Eugenia Quiroga y Fernando Sibulovsky- a la mesa de trabajo \u201cpara seguir con los temas que quedan pendientes y abordar la problem\u00e1tica que pueda ir surgiendo\u201d.<\/p>\n","protected":false},"excerpt":{"rendered":"<p>Las autoridades del Instituto Obra Social de Entre R\u00edos (Iosper) firmaron con padres de afiliados con discapacidades un acta acuerdo por la que la prestadora pondr\u00e1 en marcha el Programa de Asistencia a la Familia (PAF) &nbsp; &nbsp; &nbsp; Se les eximir\u00e1 de coseguro, se producir\u00e1 una actualizaci\u00f3n autom\u00e1tica de aranceles a profesionales, se regularizar\u00e1 el pago de reintegro y se otorgar\u00e1n 12 \u00f3rdenes de consulta sin auditor\u00eda previa, inform\u00f3 el presidente del directorio, Fernando Ca\u00f1ete. &nbsp; En la reuni\u00f3n -que dio continuidad al encuentro que se realiz\u00f3 en Casa&#8230;<\/p>\n","protected":false},"author":3,"featured_media":22281,"comment_status":"closed","ping_status":"closed","sticky":false,"template":"","format":"standard","meta":[],"categories":[15],"tags":[],"_links":{"self":[{"href":"https:\/\/www.actualidadadiario.com\/index.php\/wp-json\/wp\/v2\/posts\/22280"}],"collection":[{"href":"https:\/\/www.actualidadadiario.com\/index.php\/wp-json\/wp\/v2\/posts"}],"about":[{"href":"https:\/\/www.actualidadadiario.com\/index.php\/wp-json\/wp\/v2\/types\/post"}],"author":[{"embeddable":true,"href":"https:\/\/www.actualidadadiario.com\/index.php\/wp-json\/wp\/v2\/users\/3"}],"replies":[{"embeddable":true,"href":"https:\/\/www.actualidadadiario.com\/index.php\/wp-json\/wp\/v2\/comments?post=22280"}],"version-history":[{"count":1,"href":"https:\/\/www.actualidadadiario.com\/index.php\/wp-json\/wp\/v2\/posts\/22280\/revisions"}],"predecessor-version":[{"id":22282,"href":"https:\/\/www.actualidadadiario.com\/index.php\/wp-json\/wp\/v2\/posts\/22280\/revisions\/22282"}],"wp:featuredmedia":[{"embeddable":true,"href":"https:\/\/www.actualidadadiario.com\/index.php\/wp-json\/wp\/v2\/media\/22281"}],"wp:attachment":[{"href":"https:\/\/www.actualidadadiario.com\/index.php\/wp-json\/wp\/v2\/media?parent=22280"}],"wp:term":[{"taxonomy":"category","embeddable":true,"href":"https:\/\/www.actualidadadiario.com\/index.php\/wp-json\/wp\/v2\/categories?post=22280"},{"taxonomy":"post_tag","embeddable":true,"href":"https:\/\/www.actualidadadiario.com\/index.php\/wp-json\/wp\/v2\/tags?post=22280"}],"curies":[{"name":"wp","href":"https:\/\/api.w.org\/{rel}","templated":true}]}}