{"id":22264,"date":"2018-01-11T12:07:20","date_gmt":"2018-01-11T15:07:20","guid":{"rendered":"http:\/\/actualidadadiario.com\/site\/?p=22264"},"modified":"2018-11-06T19:48:48","modified_gmt":"2018-11-06T22:48:48","slug":"ecuador-nacionalizo-a-julian-assange-y-busca-urgente-una-solucion-mediada","status":"publish","type":"post","link":"https:\/\/www.actualidadadiario.com\/index.php\/2018\/01\/11\/ecuador-nacionalizo-a-julian-assange-y-busca-urgente-una-solucion-mediada\/","title":{"rendered":"Ecuador nacionaliz\u00f3 a Julian Assange y busca urgente una soluci\u00f3n mediada"},"content":{"rendered":"<p><em><strong>El fundador de Wikileaks, Julian Assange, exiliado en la embajada de Ecuador en Londres desde hace m\u00e1s de cinco a\u00f1os, se convirti\u00f3 en ciudadano ecuatoriano, seg\u00fan pudo comprobar este mi\u00e9rcoles T\u00e9lam en la p\u00e1gina web del Registro Civil de ese pa\u00eds a partir del n\u00famero de identidad publicado por la prensa local<\/strong><\/em><\/p>\n<p>&nbsp;<\/p>\n<p>&nbsp;<\/p>\n<p>&nbsp;<\/p>\n<p>&nbsp;<\/p>\n<p>La nacionalizaci\u00f3n de Assange no cambia sustancialmente su situaci\u00f3n en Londres ya que lo \u00fanico que podr\u00eda poner fin a su detenci\u00f3n de hecho en la sede diplom\u00e1tica ecuatoriana es que el gobierno brit\u00e1nico le garantice un salvoconducto para salir a la calle y abandonar el pa\u00eds.<\/p>\n<p>&nbsp;<\/p>\n<p>Poco despu\u00e9s de que la noticia se conociera, la Canciller\u00eda ecuatoriana, encargada de decidir la naturalizaci\u00f3n de cualquier ciudadano extranjero, emiti\u00f3 un comunicado en el que evit\u00f3 confirmar la nacionalizaci\u00f3n de Assange y se limit\u00f3 a decir &#8220;que no responder\u00e1 a rumores ni a informaci\u00f3n distorsionada o descontextualizada sobre este caso&#8221;.<\/p>\n<p>&nbsp;<\/p>\n<p>Sin embargo, en el texto, el gobierno hace referencia al caso &#8220;del ciudadano Julian Assange&#8221; y no al del &#8220;ciudadano australiano&#8221; o &#8220;el asilado&#8221;, como lo denomin\u00f3 en los cinco comunicados oficiales anteriores. El \u00faltimo, en septiembre de 2016.<\/p>\n<p>&nbsp;<\/p>\n<p>Assange tampoco confirm\u00f3 o desminti\u00f3 la noticia, pero, fiel a su estilo misterioso, public\u00f3 una foto suya con la camiseta de la selecci\u00f3n de f\u00fatbol de Ecuador en su cuenta de Twitter.<\/p>\n<p>&nbsp;<\/p>\n<p>Seg\u00fan la p\u00e1gina web del Registro Civil ecuatoriano, al fundador de Wikileaks se le asign\u00f3 el n\u00famero de documento 1729926483, con un c\u00f3digo que corresponde a la provincia de Pichincha, cuya capital es Quito.<\/p>\n<p>&nbsp;<\/p>\n<p>El diario El Universo agreg\u00f3 que las autoridades tambi\u00e9n habr\u00edan emitido un pasaporte a nombre del fundador de Wikileaks, quien habr\u00eda recibido su nuevo documento de identidad el 21 de diciembre del 2017.<\/p>\n<p>&nbsp;<\/p>\n<p>Fuentes oficiales le dijeron al diario que la entrega del documento fue anotada en el tomo 46, p\u00e1gina 327 del registro civil del consulado en Londres y fue firmada por autoridades diplom\u00e1ticas y pol\u00edticas del gobierno del presidente Len\u00edn Moreno.<\/p>\n<p>&nbsp;<\/p>\n<p>Assange recibi\u00f3 asilo diplom\u00e1tico en la embajada ecuatoriana en Londres en 2012 para evitar ser extraditado a Suecia, pa\u00eds que lo reclamaba para juzgarlo por denuncias de abuso sexual contra dos de sus ciudadanas.<\/p>\n<p>&nbsp;<\/p>\n<p>Estocolmo finalmente archiv\u00f3 la investigaci\u00f3n el a\u00f1o pasado, pero el asedio de hecho de Assange no termin\u00f3 ah\u00ed.<\/p>\n<p>&nbsp;<\/p>\n<p>Reino Unido volvi\u00f3 a negarle un salvoconducto para abandonar el pa\u00eds y anunci\u00f3 que lo arrestar\u00eda si sale a la calle. El temor de Assange es ser detenido y extraditado a Estados Unidos, donde podr\u00eda enfrentar, de m\u00e1xima, una pena de muerte por publicar documentos secretos militares y diplom\u00e1ticos sobre las guerras en Irak y Afganist\u00e1n desde 2010.<\/p>\n<p>&nbsp;<\/p>\n<p>En los \u00faltimos d\u00edas, el caso volvi\u00f3 calentarse y crecieron los rumores sobre una posible resoluci\u00f3n.<\/p>\n<p>&nbsp;<\/p>\n<p>La canciller ecuatoriana, Mar\u00eda Fernanda Espinosa, revel\u00f3 ayer que su pa\u00eds estudia la posibilidad de una mediaci\u00f3n para resolver el caso del fundador de WikiLeaks, cuya situaci\u00f3n consider\u00f3 como &#8220;insostenible&#8221;.<\/p>\n<p>&nbsp;<\/p>\n<p>&#8220;Tenemos un enorme inter\u00e9s de lograr una soluci\u00f3n definitiva para el caso Assange&#8221;, asegur\u00f3 Espinosa, quien precis\u00f3 que tambi\u00e9n el Reino Unido est\u00e1 interesado en buscar una salida.<\/p>\n<p>&nbsp;<\/p>\n<p>Como este mi\u00e9rcoles la Canciller\u00eda, la ministra evit\u00f3 confirmar o desmentir los rumores sobre una posible nacionalizaci\u00f3n de Assange.<\/p>\n<p>&nbsp;<\/p>\n<p>Espinosa asegur\u00f3 que estas versiones &#8220;no merecen ni los comentarios ni la opini\u00f3n&#8221; y destac\u00f3 que se trata de un tema &#8220;tremendamente delicado&#8221;.<\/p>\n<p>&nbsp;<\/p>\n<p>El equipo de abogados de Assange agradeci\u00f3 a Ecuador por intentar impulsar una mediaci\u00f3n y exigi\u00f3 al gobierno brit\u00e1nico que permita al hasta entonces ciudadano australiano quedar en libertad.<\/p>\n<p>&nbsp;<\/p>\n<p>&#8220;Si Reino Unido quiere demostrar que es un pa\u00eds que respeta sus obligaciones de derechos humanos y compromisos con la ONU, lleg\u00f3 el momento de que permita a Assange disfrutar de su libertad&#8221;, sentenci\u00f3 la abogada Jennifer Robinson, quien representa al hacker desde 2010, cuando sorprendi\u00f3 al mundo entero al publicar decenas de miles de documentos secretos de Estados Unidos.<\/p>\n<p>&nbsp;<\/p>\n<p>Pese a los repetidos reclamos de Assange, su entorno, organizaciones de derechos humanos de todo el mundo y del Grupo de Trabajo de la ONU sobre Detenciones Arbitrarias, el gobierno brit\u00e1nico se mantiene firme en su posici\u00f3n.<\/p>\n<p>&nbsp;<\/p>\n<p>&#8220;El gobierno ecuatoriano sabe que la \u00fanica manera de resolver este asunto es que Julian Assange deje la embajada y se enfrente a la Justicia&#8221;, asegur\u00f3 hoy un comunicado oficial, citado la agencia EFE.<\/p>\n<p>&nbsp;<\/p>\n<p>A pesar de los rumores de una posible resoluci\u00f3n, los abogados de Assange temen que la ret\u00f3rica belicista del gobierno estadounidense de Donald Trump contra Wikileaks bloquee cualquier negociaci\u00f3n o di\u00e1logo entre Quito y Londres.<\/p>\n","protected":false},"excerpt":{"rendered":"<p>El fundador de Wikileaks, Julian Assange, exiliado en la embajada de Ecuador en Londres desde hace m\u00e1s de cinco a\u00f1os, se convirti\u00f3 en ciudadano ecuatoriano, seg\u00fan pudo comprobar este mi\u00e9rcoles T\u00e9lam en la p\u00e1gina web del Registro Civil de ese pa\u00eds a partir del n\u00famero de identidad publicado por la prensa local &nbsp; &nbsp; &nbsp; &nbsp; La nacionalizaci\u00f3n de Assange no cambia sustancialmente su situaci\u00f3n en Londres ya que lo \u00fanico que podr\u00eda poner fin a su detenci\u00f3n de hecho en la sede diplom\u00e1tica ecuatoriana es que el gobierno brit\u00e1nico&#8230;<\/p>\n","protected":false},"author":3,"featured_media":22265,"comment_status":"closed","ping_status":"closed","sticky":false,"template":"","format":"standard","meta":[],"categories":[4],"tags":[],"_links":{"self":[{"href":"https:\/\/www.actualidadadiario.com\/index.php\/wp-json\/wp\/v2\/posts\/22264"}],"collection":[{"href":"https:\/\/www.actualidadadiario.com\/index.php\/wp-json\/wp\/v2\/posts"}],"about":[{"href":"https:\/\/www.actualidadadiario.com\/index.php\/wp-json\/wp\/v2\/types\/post"}],"author":[{"embeddable":true,"href":"https:\/\/www.actualidadadiario.com\/index.php\/wp-json\/wp\/v2\/users\/3"}],"replies":[{"embeddable":true,"href":"https:\/\/www.actualidadadiario.com\/index.php\/wp-json\/wp\/v2\/comments?post=22264"}],"version-history":[{"count":1,"href":"https:\/\/www.actualidadadiario.com\/index.php\/wp-json\/wp\/v2\/posts\/22264\/revisions"}],"predecessor-version":[{"id":22266,"href":"https:\/\/www.actualidadadiario.com\/index.php\/wp-json\/wp\/v2\/posts\/22264\/revisions\/22266"}],"wp:featuredmedia":[{"embeddable":true,"href":"https:\/\/www.actualidadadiario.com\/index.php\/wp-json\/wp\/v2\/media\/22265"}],"wp:attachment":[{"href":"https:\/\/www.actualidadadiario.com\/index.php\/wp-json\/wp\/v2\/media?parent=22264"}],"wp:term":[{"taxonomy":"category","embeddable":true,"href":"https:\/\/www.actualidadadiario.com\/index.php\/wp-json\/wp\/v2\/categories?post=22264"},{"taxonomy":"post_tag","embeddable":true,"href":"https:\/\/www.actualidadadiario.com\/index.php\/wp-json\/wp\/v2\/tags?post=22264"}],"curies":[{"name":"wp","href":"https:\/\/api.w.org\/{rel}","templated":true}]}}