{"id":22261,"date":"2018-01-11T12:06:21","date_gmt":"2018-01-11T15:06:21","guid":{"rendered":"http:\/\/actualidadadiario.com\/site\/?p=22261"},"modified":"2018-11-06T19:47:21","modified_gmt":"2018-11-06T22:47:21","slug":"nos-encerrabamos-a-rezar-para-pedir-que-se-muriera-conto-la-hija-de-etchecolatz","status":"publish","type":"post","link":"https:\/\/www.actualidadadiario.com\/index.php\/2018\/01\/11\/nos-encerrabamos-a-rezar-para-pedir-que-se-muriera-conto-la-hija-de-etchecolatz\/","title":{"rendered":"&#8220;Nos encerr\u00e1bamos a rezar para pedir que se muriera&#8221;, cont\u00f3 la hija de Etchecolatz"},"content":{"rendered":"<p><em><strong>Mariana Dopazo revel\u00f3 que su recuerdo m\u00e1s crudo de la infancia en una carta que difundi\u00f3 a trav\u00e9s de las redes sociales la revista La Garganta Poderosa<\/strong><\/em><\/p>\n<p>&nbsp;<\/p>\n<p>&nbsp;<\/p>\n<p>&nbsp;<\/p>\n<p>La hija del genocida Miguel Etchecolatz, Mariana Dopazo, afirm\u00f3 que vivir con \u00e9l significaba &#8220;acostumbrarse al miedo de abrir la boca&#8221; y revel\u00f3 que su recuerdo m\u00e1s crudo de la infancia se remite a que, cada vez que regresaba de la Jefatura de Polic\u00eda su padre, ella rezaba junto con su hermano para pedir &#8220;que se muriera en el viaje&#8221;.<\/p>\n<p>&nbsp;<\/p>\n<p>&#8220;Cada vez que \u00e9l volv\u00eda de la Jefatura de Polic\u00eda de La Plata, nos encerr\u00e1bamos a rezar en el armario con mi hermano Juan, para pedir que se muriera en el viaje&#8221;, revel\u00f3 Dopazo, en una carta que difundi\u00f3 a trav\u00e9s de las redes sociales la revista La Garganta Poderosa.<\/p>\n<p>&nbsp;<\/p>\n<p>Dopazo, quien en 2016 logr\u00f3 que la Justicia le concediera el cambio de su apellido, acept\u00f3 en agosto pasado hacer p\u00fablica su historia de vida, sembrada por el terror que representaba convivir con un genocida de las caracter\u00edsticas del ex comisario de la polic\u00eda bonaerense durante la dictadura c\u00edvico militar.<\/p>\n<p>&nbsp;<\/p>\n<p>&#8220;Crec\u00ed entre situaciones traum\u00e1ticas, en plena soledad, porque vivir con Etchecolatz significaba no tener paz, hacer lo que dec\u00eda y acostumbrarse al miedo de abrir la boca, porque podr\u00eda venirse la respuesta m\u00e1s terrible&#8221;, expresa en uno de los p\u00e1rrafos del escrito quien se autodenomina como &#8220;ex hija de Etchecolatz&#8221;.<\/p>\n<p>&nbsp;<\/p>\n<p>&nbsp;<\/p>\n<p><strong>Recuerdos de la infancia con un padre genocida<\/strong><\/p>\n<p>Psicoanalista y docente, Dopazo asegura haber sido una ni\u00f1a &#8220;bastante rebelde&#8221; a pesar de ese contexto, cuenta que la apodaban &#8220;estrellita roja&#8221; y recuerda que, ante una actitud desobediente, &#8220;se repet\u00edan golpes&#8221; por parte de Etchecolatz.<\/p>\n<p>&nbsp;<\/p>\n<p>&#8220;Era cruel, castigaba muy fuerte y despu\u00e9s se preocupaba: &#8216;Mir\u00e1 lo que me hac\u00e9s hacerte&#8217;, dec\u00eda. Cuando o\u00eda sus pasos, sent\u00eda el perfume del terror. Y s\u00ed, haber convivido con un genocida me permiti\u00f3 conocer su esencia, su faz m\u00e1s verdadera&#8221;, asegura la mujer, hoy de 47 a\u00f1os.<\/p>\n<p>&nbsp;<\/p>\n<p>Dopazo define al represor -actualmente bajo prisi\u00f3n domiciliaria en su casa en el Bosque Peralta Ramos, en Mar del Plata- como &#8220;narcisista, una persona sin bondad, impenetrable, que nunca dio lugar para que sus hijos pudieran preguntar&#8221;, y, en ese punto, lo diferencia de otros genocidas que, en la intimidad, revelaban los cr\u00edmenes que comet\u00edan.<\/p>\n<p>&nbsp;<\/p>\n<p>&#8220;Etchecolatz, no. No habl\u00f3 con su familia ni frente a la Justicia, sosteniendo un doble silencio. O sea, corporiz\u00f3 lo m\u00e1s terrible en todo momento, sin importarle jam\u00e1s el otro y convirti\u00e9ndose en el s\u00edmbolo m\u00e1s cruento del aparato represivo&#8221;, subray\u00f3.<\/p>\n<p>&nbsp;<\/p>\n<p>La hija de Etchecolatz por primera vez particip\u00f3 de las marchas de repudio cuando se concedi\u00f3 el beneficio del c\u00f3mputo de 2&#215;1 al genocida Luis Mui\u00f1o. &#8220;Sent\u00ed que la Justicia hab\u00eda dejado de ser justa&#8221;, afirm\u00f3.<\/p>\n<p>&nbsp;<\/p>\n<p>&#8220;S\u00f3lo dos tipos de personas conocen verdaderamente a un sujeto como \u00e9l: sus v\u00edctimas y sus hijos&#8221;, dijo finalmente sobre Etchecolatz.<\/p>\n","protected":false},"excerpt":{"rendered":"<p>Mariana Dopazo revel\u00f3 que su recuerdo m\u00e1s crudo de la infancia en una carta que difundi\u00f3 a trav\u00e9s de las redes sociales la revista La Garganta Poderosa &nbsp; &nbsp; &nbsp; La hija del genocida Miguel Etchecolatz, Mariana Dopazo, afirm\u00f3 que vivir con \u00e9l significaba &#8220;acostumbrarse al miedo de abrir la boca&#8221; y revel\u00f3 que su recuerdo m\u00e1s crudo de la infancia se remite a que, cada vez que regresaba de la Jefatura de Polic\u00eda su padre, ella rezaba junto con su hermano para pedir &#8220;que se muriera en el viaje&#8221;&#8230;.<\/p>\n","protected":false},"author":3,"featured_media":22262,"comment_status":"closed","ping_status":"closed","sticky":false,"template":"","format":"standard","meta":[],"categories":[4],"tags":[],"_links":{"self":[{"href":"https:\/\/www.actualidadadiario.com\/index.php\/wp-json\/wp\/v2\/posts\/22261"}],"collection":[{"href":"https:\/\/www.actualidadadiario.com\/index.php\/wp-json\/wp\/v2\/posts"}],"about":[{"href":"https:\/\/www.actualidadadiario.com\/index.php\/wp-json\/wp\/v2\/types\/post"}],"author":[{"embeddable":true,"href":"https:\/\/www.actualidadadiario.com\/index.php\/wp-json\/wp\/v2\/users\/3"}],"replies":[{"embeddable":true,"href":"https:\/\/www.actualidadadiario.com\/index.php\/wp-json\/wp\/v2\/comments?post=22261"}],"version-history":[{"count":1,"href":"https:\/\/www.actualidadadiario.com\/index.php\/wp-json\/wp\/v2\/posts\/22261\/revisions"}],"predecessor-version":[{"id":22263,"href":"https:\/\/www.actualidadadiario.com\/index.php\/wp-json\/wp\/v2\/posts\/22261\/revisions\/22263"}],"wp:featuredmedia":[{"embeddable":true,"href":"https:\/\/www.actualidadadiario.com\/index.php\/wp-json\/wp\/v2\/media\/22262"}],"wp:attachment":[{"href":"https:\/\/www.actualidadadiario.com\/index.php\/wp-json\/wp\/v2\/media?parent=22261"}],"wp:term":[{"taxonomy":"category","embeddable":true,"href":"https:\/\/www.actualidadadiario.com\/index.php\/wp-json\/wp\/v2\/categories?post=22261"},{"taxonomy":"post_tag","embeddable":true,"href":"https:\/\/www.actualidadadiario.com\/index.php\/wp-json\/wp\/v2\/tags?post=22261"}],"curies":[{"name":"wp","href":"https:\/\/api.w.org\/{rel}","templated":true}]}}