{"id":22258,"date":"2018-01-11T12:05:25","date_gmt":"2018-01-11T15:05:25","guid":{"rendered":"http:\/\/actualidadadiario.com\/site\/?p=22258"},"modified":"2018-11-06T19:51:31","modified_gmt":"2018-11-06T22:51:31","slug":"ordenan-volver-a-detener-a-policia-que-atropello-en-moto-a-un-hombre","status":"publish","type":"post","link":"https:\/\/www.actualidadadiario.com\/index.php\/2018\/01\/11\/ordenan-volver-a-detener-a-policia-que-atropello-en-moto-a-un-hombre\/","title":{"rendered":"Ordenan volver a detener a polic\u00eda que atropell\u00f3 en moto a un hombre"},"content":{"rendered":"<p><em><strong>Al efectivo lo hab\u00edan liberado por falta de m\u00e9rito porque hab\u00eda dudas si eran quien conduc\u00eda el rodado. Otro polic\u00eda ahora lo confirm\u00f3<\/strong><\/em><\/p>\n<p>&nbsp;<\/p>\n<p>&nbsp;<\/p>\n<p>&nbsp;<\/p>\n<p>El juez federal Sergio Torres orden\u00f3 este mi\u00e9rcoles volver a detener al polic\u00eda de la Federal Dante Barisone, quien est\u00e1 acusado por haber atropellado con su moto a una persona el pasado 18 de diciembre, durante los incidentes que tuvieron lugar en la protesta contra la reforma previsional.<\/p>\n<p>&nbsp;<\/p>\n<p>As\u00ed lo se\u00f1alaron fuentes judiciales y precisaron que el magistrado adopt\u00f3 la decisi\u00f3n luego de que otro efectivo de la fuerza lo identificara como responsable del episodio.<\/p>\n<p>&nbsp;<\/p>\n<p>Barisone hab\u00eda sido detenido el 29 de diciembre pasado, pero este lunes qued\u00f3 en libertad por falta de m\u00e9rito, ya que \u00e9l neg\u00f3 haber sido quien conduc\u00eda la moto y hubo &#8220;contradicciones&#8221; entre los distintos testigos del hecho.<\/p>\n<p>&nbsp;<\/p>\n<p>Sin embargo, tras la identificaci\u00f3n que hizo otro polic\u00eda, quien se encontraba junto a \u00e9l en el momento del incidente, Torres consider\u00f3 que deb\u00eda volver a ser arrestado.<\/p>\n<p>&nbsp;<\/p>\n<p>El polic\u00eda del grupo motorizado de la Polic\u00eda Federal est\u00e1 acusado de atropellar al cartonero Alejandro &#8220;Pipi&#8221; Rosado, de 19 a\u00f1os, quien asegur\u00f3 que no participaba de la protesta y como consecuencia del incidente sufri\u00f3 heridas en el pecho y las piernas.<\/p>\n","protected":false},"excerpt":{"rendered":"<p>Al efectivo lo hab\u00edan liberado por falta de m\u00e9rito porque hab\u00eda dudas si eran quien conduc\u00eda el rodado. Otro polic\u00eda ahora lo confirm\u00f3 &nbsp; &nbsp; &nbsp; El juez federal Sergio Torres orden\u00f3 este mi\u00e9rcoles volver a detener al polic\u00eda de la Federal Dante Barisone, quien est\u00e1 acusado por haber atropellado con su moto a una persona el pasado 18 de diciembre, durante los incidentes que tuvieron lugar en la protesta contra la reforma previsional. &nbsp; As\u00ed lo se\u00f1alaron fuentes judiciales y precisaron que el magistrado adopt\u00f3 la decisi\u00f3n luego de&#8230;<\/p>\n","protected":false},"author":3,"featured_media":22259,"comment_status":"closed","ping_status":"closed","sticky":false,"template":"","format":"standard","meta":[],"categories":[18],"tags":[],"_links":{"self":[{"href":"https:\/\/www.actualidadadiario.com\/index.php\/wp-json\/wp\/v2\/posts\/22258"}],"collection":[{"href":"https:\/\/www.actualidadadiario.com\/index.php\/wp-json\/wp\/v2\/posts"}],"about":[{"href":"https:\/\/www.actualidadadiario.com\/index.php\/wp-json\/wp\/v2\/types\/post"}],"author":[{"embeddable":true,"href":"https:\/\/www.actualidadadiario.com\/index.php\/wp-json\/wp\/v2\/users\/3"}],"replies":[{"embeddable":true,"href":"https:\/\/www.actualidadadiario.com\/index.php\/wp-json\/wp\/v2\/comments?post=22258"}],"version-history":[{"count":1,"href":"https:\/\/www.actualidadadiario.com\/index.php\/wp-json\/wp\/v2\/posts\/22258\/revisions"}],"predecessor-version":[{"id":22260,"href":"https:\/\/www.actualidadadiario.com\/index.php\/wp-json\/wp\/v2\/posts\/22258\/revisions\/22260"}],"wp:featuredmedia":[{"embeddable":true,"href":"https:\/\/www.actualidadadiario.com\/index.php\/wp-json\/wp\/v2\/media\/22259"}],"wp:attachment":[{"href":"https:\/\/www.actualidadadiario.com\/index.php\/wp-json\/wp\/v2\/media?parent=22258"}],"wp:term":[{"taxonomy":"category","embeddable":true,"href":"https:\/\/www.actualidadadiario.com\/index.php\/wp-json\/wp\/v2\/categories?post=22258"},{"taxonomy":"post_tag","embeddable":true,"href":"https:\/\/www.actualidadadiario.com\/index.php\/wp-json\/wp\/v2\/tags?post=22258"}],"curies":[{"name":"wp","href":"https:\/\/api.w.org\/{rel}","templated":true}]}}