{"id":22255,"date":"2018-01-11T12:04:32","date_gmt":"2018-01-11T15:04:32","guid":{"rendered":"http:\/\/actualidadadiario.com\/site\/?p=22255"},"modified":"2019-05-06T20:57:49","modified_gmt":"2019-05-06T23:57:49","slug":"comenzaran-en-febrero-las-sesiones-extraordinarias","status":"publish","type":"post","link":"https:\/\/www.actualidadadiario.com\/index.php\/2018\/01\/11\/comenzaran-en-febrero-las-sesiones-extraordinarias\/","title":{"rendered":"\u00bfComenzar\u00e1n en febrero las sesiones extraordinarias?"},"content":{"rendered":"<p><em><strong>Por falta de acuerdos, podr\u00edan fracasar su inicio en el Congreso de la Naci\u00f3n. Si ello ocurriere, la actividad parlamentaria dar\u00eda inicio el 1 de marzo<\/strong><\/em><\/p>\n<p>&nbsp;<\/p>\n<p>&nbsp;<\/p>\n<p>&nbsp;<\/p>\n<p>Las sesiones extraordinarias previstas para febrero podr\u00edan fracasar y finalmente el a\u00f1o parlamentario comenzar\u00eda el 1 de marzo pr\u00f3ximo por falta de acuerdos en los proyectos a tratar.<\/p>\n<p>&nbsp;<\/p>\n<p>Seg\u00fan publicaron matutinos porte\u00f1os, el oficialismo no cuenta por el momento con acuerdos parlamentarios para aprobar los tres proyectos m\u00e1s importantes que impulsa: las reformas laboral y electoral, y la de la ley org\u00e1nica del Ministerio P\u00fablico.<\/p>\n<p>&nbsp;<\/p>\n<p>Ninguna de las tres iniciativas contar\u00eda con el respaldo de la totalidad del Bloque Justicialista.<\/p>\n<p>&nbsp;<\/p>\n<p>Este mi\u00e9rcoles, el jefe del Bloque Justicialista en el Senado, Miguel \u00c1ngel Pichetto se reuni\u00f3 con el ministro del Interior, Rogelio Frigerio, y le transmiti\u00f3 que no compart\u00eda la urgencia que mostraba el Poder Ejecutivo por sesionar en febrero.<\/p>\n<p>&nbsp;<\/p>\n<p>&#8220;Hay que dejar que el Congreso funcione en el tiempo de las sesiones ordinarias. Los proyectos que necesitaba el Ejecutivo para gobernar fueron sancionados en diciembre por ambas c\u00e1maras&#8221;, argument\u00f3 Pichetto, seg\u00fan trascendi\u00f3.<\/p>\n","protected":false},"excerpt":{"rendered":"<p>Por falta de acuerdos, podr\u00edan fracasar su inicio en el Congreso de la Naci\u00f3n. Si ello ocurriere, la actividad parlamentaria dar\u00eda inicio el 1 de marzo &nbsp; &nbsp; &nbsp; Las sesiones extraordinarias previstas para febrero podr\u00edan fracasar y finalmente el a\u00f1o parlamentario comenzar\u00eda el 1 de marzo pr\u00f3ximo por falta de acuerdos en los proyectos a tratar. &nbsp; Seg\u00fan publicaron matutinos porte\u00f1os, el oficialismo no cuenta por el momento con acuerdos parlamentarios para aprobar los tres proyectos m\u00e1s importantes que impulsa: las reformas laboral y electoral, y la de la&#8230;<\/p>\n","protected":false},"author":3,"featured_media":22256,"comment_status":"closed","ping_status":"closed","sticky":false,"template":"","format":"standard","meta":[],"categories":[18],"tags":[],"_links":{"self":[{"href":"https:\/\/www.actualidadadiario.com\/index.php\/wp-json\/wp\/v2\/posts\/22255"}],"collection":[{"href":"https:\/\/www.actualidadadiario.com\/index.php\/wp-json\/wp\/v2\/posts"}],"about":[{"href":"https:\/\/www.actualidadadiario.com\/index.php\/wp-json\/wp\/v2\/types\/post"}],"author":[{"embeddable":true,"href":"https:\/\/www.actualidadadiario.com\/index.php\/wp-json\/wp\/v2\/users\/3"}],"replies":[{"embeddable":true,"href":"https:\/\/www.actualidadadiario.com\/index.php\/wp-json\/wp\/v2\/comments?post=22255"}],"version-history":[{"count":1,"href":"https:\/\/www.actualidadadiario.com\/index.php\/wp-json\/wp\/v2\/posts\/22255\/revisions"}],"predecessor-version":[{"id":22257,"href":"https:\/\/www.actualidadadiario.com\/index.php\/wp-json\/wp\/v2\/posts\/22255\/revisions\/22257"}],"wp:featuredmedia":[{"embeddable":true,"href":"https:\/\/www.actualidadadiario.com\/index.php\/wp-json\/wp\/v2\/media\/22256"}],"wp:attachment":[{"href":"https:\/\/www.actualidadadiario.com\/index.php\/wp-json\/wp\/v2\/media?parent=22255"}],"wp:term":[{"taxonomy":"category","embeddable":true,"href":"https:\/\/www.actualidadadiario.com\/index.php\/wp-json\/wp\/v2\/categories?post=22255"},{"taxonomy":"post_tag","embeddable":true,"href":"https:\/\/www.actualidadadiario.com\/index.php\/wp-json\/wp\/v2\/tags?post=22255"}],"curies":[{"name":"wp","href":"https:\/\/api.w.org\/{rel}","templated":true}]}}