{"id":22246,"date":"2018-01-11T12:01:38","date_gmt":"2018-01-11T15:01:38","guid":{"rendered":"http:\/\/actualidadadiario.com\/site\/?p=22246"},"modified":"2018-11-06T19:51:44","modified_gmt":"2018-11-06T22:51:44","slug":"por-los-despidos-ate-inicia-su-plan-de-lucha-en-todo-el-pais","status":"publish","type":"post","link":"https:\/\/www.actualidadadiario.com\/index.php\/2018\/01\/11\/por-los-despidos-ate-inicia-su-plan-de-lucha-en-todo-el-pais\/","title":{"rendered":"Por los despidos, ATE inicia su plan de lucha en todo el pa\u00eds"},"content":{"rendered":"<p><em><strong>El plenario de trabajadores denunci\u00f3 &#8220;la ausencia de un canal de di\u00e1logo&#8221; con el gobierno macrista. La primera medida de fuerza con movilizaci\u00f3n ser\u00e1 para reclamar a la gobernadora Mar\u00eda Eugenia Vidal por las cesant\u00edas sin causa<\/strong><\/em><\/p>\n<p>&nbsp;<\/p>\n<p>&nbsp;<\/p>\n<p>&nbsp;<\/p>\n<p>El plenario nacional, provincial y municipal de m\u00e1s de 200 delegados de la Asociaci\u00f3n Trabajadores del Estado (ATE) ratific\u00f3 hoy el plan de lucha en todo el pa\u00eds, que comenzar\u00e1 ma\u00f1ana con un paro general y una movilizaci\u00f3n hacia la gobernaci\u00f3n platense en rechazo de despidos en el sector y &#8220;la ausencia de un canal de di\u00e1logo&#8221;.<\/p>\n<p>&nbsp;<\/p>\n<p>Representantes\u00a0 gremiales de Fabricaciones Militares de C\u00f3rdoba, Rosario y Buenos Aires, y de forma un\u00e1nime aprob\u00f3 &#8220;un plan de lucha para profundizar acciones de concientizaci\u00f3n en los lugares de labor, la presencia callejera en los conflictos sectoriales y una jornada de protesta para la segunda semana de febrero, que incluir\u00e1 cortes, movilizaciones y un paro en todo el pa\u00eds&#8221;, se\u00f1al\u00f3 la ATE.<\/p>\n<p>&nbsp;<\/p>\n<p>El jefe nacional del gremio, Hugo Godoy, detall\u00f3 los conflictos en todo el territorio por despidos, como en &#8220;La Plata, Fabricaciones Militares, Quilmes, Tres de Febrero y Agricultura Familiar&#8221;, entre otros, y destac\u00f3 el caso de Fanazul (f\u00e1brica militar), sobre el que detall\u00f3 que fue &#8220;el efecto m\u00e1s brutal de una l\u00ednea de acci\u00f3n pol\u00edtica oficial&#8221;.<\/p>\n<p>&nbsp;<\/p>\n<p>&#8220;Cerr\u00f3 la f\u00e1brica, lo que desactiv\u00f3 el 20 por ciento de la capacidad productiva actual de Fabricaciones Militares. El plan de lucha implicar\u00e1 medidas de fuerza hacia el interior de cada sector laboral y otras que se vertebrar\u00e1n con la comunidad\u201d, afirm\u00f3.<\/p>\n<p>&nbsp;<\/p>\n<p>Para Godoy, no existe un canal de di\u00e1logo, ya que ante cada reclamo sectorial o en el Ministerio de Trabajo o de Modernizaci\u00f3n &#8220;la respuesta del gobierno fue el silencio y la continuidad impert\u00e9rrita de su accionar\u201d, y reafirm\u00f3 que el gremio apoyar\u00e1 cada protesta.<\/p>\n<p>&nbsp;<\/p>\n<p>En el mismo sentido, la filial porte\u00f1a de la ATE que conduce Daniel Catalano realiz\u00f3 esta tarde &#8220;un ruidazo&#8221; en el Centro Cultural Recoleta (CCR) en rechazo de tres despidos en el sector y de &#8220;la devaluaci\u00f3n de la actividad cultural en la ciudad de Buenos Aires&#8221;.<\/p>\n<p>&nbsp;<\/p>\n<p>&#8220;Los trabajadores, t\u00e9cnicos, escen\u00f3grafos y profesionales del CCR se enfrentan a diario a la inseguridad por no tener garant\u00edas respecto de las m\u00ednimas condiciones laborales. La precariedad y la inestabilidad en el empleo es parte del sector p\u00fablico&#8221;, concluy\u00f3.<\/p>\n","protected":false},"excerpt":{"rendered":"<p>El plenario de trabajadores denunci\u00f3 &#8220;la ausencia de un canal de di\u00e1logo&#8221; con el gobierno macrista. La primera medida de fuerza con movilizaci\u00f3n ser\u00e1 para reclamar a la gobernadora Mar\u00eda Eugenia Vidal por las cesant\u00edas sin causa &nbsp; &nbsp; &nbsp; El plenario nacional, provincial y municipal de m\u00e1s de 200 delegados de la Asociaci\u00f3n Trabajadores del Estado (ATE) ratific\u00f3 hoy el plan de lucha en todo el pa\u00eds, que comenzar\u00e1 ma\u00f1ana con un paro general y una movilizaci\u00f3n hacia la gobernaci\u00f3n platense en rechazo de despidos en el sector y&#8230;<\/p>\n","protected":false},"author":3,"featured_media":22247,"comment_status":"closed","ping_status":"closed","sticky":false,"template":"","format":"standard","meta":[],"categories":[18],"tags":[],"_links":{"self":[{"href":"https:\/\/www.actualidadadiario.com\/index.php\/wp-json\/wp\/v2\/posts\/22246"}],"collection":[{"href":"https:\/\/www.actualidadadiario.com\/index.php\/wp-json\/wp\/v2\/posts"}],"about":[{"href":"https:\/\/www.actualidadadiario.com\/index.php\/wp-json\/wp\/v2\/types\/post"}],"author":[{"embeddable":true,"href":"https:\/\/www.actualidadadiario.com\/index.php\/wp-json\/wp\/v2\/users\/3"}],"replies":[{"embeddable":true,"href":"https:\/\/www.actualidadadiario.com\/index.php\/wp-json\/wp\/v2\/comments?post=22246"}],"version-history":[{"count":1,"href":"https:\/\/www.actualidadadiario.com\/index.php\/wp-json\/wp\/v2\/posts\/22246\/revisions"}],"predecessor-version":[{"id":22248,"href":"https:\/\/www.actualidadadiario.com\/index.php\/wp-json\/wp\/v2\/posts\/22246\/revisions\/22248"}],"wp:featuredmedia":[{"embeddable":true,"href":"https:\/\/www.actualidadadiario.com\/index.php\/wp-json\/wp\/v2\/media\/22247"}],"wp:attachment":[{"href":"https:\/\/www.actualidadadiario.com\/index.php\/wp-json\/wp\/v2\/media?parent=22246"}],"wp:term":[{"taxonomy":"category","embeddable":true,"href":"https:\/\/www.actualidadadiario.com\/index.php\/wp-json\/wp\/v2\/categories?post=22246"},{"taxonomy":"post_tag","embeddable":true,"href":"https:\/\/www.actualidadadiario.com\/index.php\/wp-json\/wp\/v2\/tags?post=22246"}],"curies":[{"name":"wp","href":"https:\/\/api.w.org\/{rel}","templated":true}]}}