{"id":22243,"date":"2018-01-11T12:00:47","date_gmt":"2018-01-11T15:00:47","guid":{"rendered":"http:\/\/actualidadadiario.com\/site\/?p=22243"},"modified":"2018-11-06T19:52:05","modified_gmt":"2018-11-06T22:52:05","slug":"robo-de-bebes-la-iglesia-hara-publico-el-libro-de-bautismos-realizados-en-la-capilla-de-la-esma","status":"publish","type":"post","link":"https:\/\/www.actualidadadiario.com\/index.php\/2018\/01\/11\/robo-de-bebes-la-iglesia-hara-publico-el-libro-de-bautismos-realizados-en-la-capilla-de-la-esma\/","title":{"rendered":"Robo de beb\u00e9s: la Iglesia har\u00e1 p\u00fablico el libro de bautismos realizados en la capilla de la ESMA"},"content":{"rendered":"<p><em><strong>La iniciativa cuenta con el aval expl\u00edcito del Papa. El libro registra los bautismos hechos entre 1975 y 1979 en el mayor centro clandestino de detenci\u00f3n de la dictadura<\/strong><\/em><\/p>\n<p>&nbsp;<\/p>\n<p>&nbsp;<\/p>\n<p>&nbsp;<\/p>\n<p>Con el aval expl\u00edcito del papa Francisco, la Iglesia argentina har\u00e1 p\u00fablico en las pr\u00f3ximas semanas el libro que registra los bautismos hechos entre 1975 y 1979 en la capilla de la Escuela de Mec\u00e1nica Superior de la Armada (ESMA), en la que funcion\u00f3 un centro clandestino de detenci\u00f3n y torturas durante la \u00faltima dictadura militar.<\/p>\n<p>&nbsp;<\/p>\n<p>La publicaci\u00f3n de los nombres de los 127 ni\u00f1os bautizados en esos cinco a\u00f1os es una iniciativa del obispo castrense, monse\u00f1or Santiago Olivera, que busca ser &#8220;un aporte&#8221; para el estudio de esos a\u00f1os.<\/p>\n<p>&nbsp;<\/p>\n<p>&#8220;Es el libro de la capilla Stella Maris de la ESMA, en el que figuran los bautismos realizados en esos a\u00f1os. Hay que investigar y lo pondr\u00e9 a disposici\u00f3n para conocer. Puede ser que alg\u00fan marino haya bautizado all\u00ed a sus hijos, pero puede ser que otros no&#8221;, plante\u00f3 Olivera desde Roma, en di\u00e1logo con la agencia oficial de noticias T\u00e9lam.<\/p>\n<p>&nbsp;<\/p>\n<p>La iniciativa tuvo el aval expl\u00edcito del Pont\u00edfice, tras una reuni\u00f3n de casi una hora que Olivera tuvo hoy con Francisco en el Vaticano. &#8220;Lo quiero hacer con el Episcopado y ponerlo a disposici\u00f3n. No s\u00e9 si habr\u00e1 mucho, pero por lo pronto es un dato para hacerlo p\u00fabico. \u00c9l me anim\u00f3 a socializarlo&#8221;, plante\u00f3 Olivera.<\/p>\n<p>&nbsp;<\/p>\n<p>Tambi\u00e9n con el visto bueno del Papa, el Vaticano ya puso en marcha un sistema para que los familiares de detenidos-desaparecidos puedan acceder a los archivos que la Santa Sede tiene sobre la dictadura, que principalmente consta de cartas y pedidos a obispos y sacerdotes.<\/p>\n","protected":false},"excerpt":{"rendered":"<p>La iniciativa cuenta con el aval expl\u00edcito del Papa. El libro registra los bautismos hechos entre 1975 y 1979 en el mayor centro clandestino de detenci\u00f3n de la dictadura &nbsp; &nbsp; &nbsp; Con el aval expl\u00edcito del papa Francisco, la Iglesia argentina har\u00e1 p\u00fablico en las pr\u00f3ximas semanas el libro que registra los bautismos hechos entre 1975 y 1979 en la capilla de la Escuela de Mec\u00e1nica Superior de la Armada (ESMA), en la que funcion\u00f3 un centro clandestino de detenci\u00f3n y torturas durante la \u00faltima dictadura militar. &nbsp; La&#8230;<\/p>\n","protected":false},"author":3,"featured_media":22244,"comment_status":"closed","ping_status":"closed","sticky":false,"template":"","format":"standard","meta":[],"categories":[9],"tags":[],"_links":{"self":[{"href":"https:\/\/www.actualidadadiario.com\/index.php\/wp-json\/wp\/v2\/posts\/22243"}],"collection":[{"href":"https:\/\/www.actualidadadiario.com\/index.php\/wp-json\/wp\/v2\/posts"}],"about":[{"href":"https:\/\/www.actualidadadiario.com\/index.php\/wp-json\/wp\/v2\/types\/post"}],"author":[{"embeddable":true,"href":"https:\/\/www.actualidadadiario.com\/index.php\/wp-json\/wp\/v2\/users\/3"}],"replies":[{"embeddable":true,"href":"https:\/\/www.actualidadadiario.com\/index.php\/wp-json\/wp\/v2\/comments?post=22243"}],"version-history":[{"count":1,"href":"https:\/\/www.actualidadadiario.com\/index.php\/wp-json\/wp\/v2\/posts\/22243\/revisions"}],"predecessor-version":[{"id":22245,"href":"https:\/\/www.actualidadadiario.com\/index.php\/wp-json\/wp\/v2\/posts\/22243\/revisions\/22245"}],"wp:featuredmedia":[{"embeddable":true,"href":"https:\/\/www.actualidadadiario.com\/index.php\/wp-json\/wp\/v2\/media\/22244"}],"wp:attachment":[{"href":"https:\/\/www.actualidadadiario.com\/index.php\/wp-json\/wp\/v2\/media?parent=22243"}],"wp:term":[{"taxonomy":"category","embeddable":true,"href":"https:\/\/www.actualidadadiario.com\/index.php\/wp-json\/wp\/v2\/categories?post=22243"},{"taxonomy":"post_tag","embeddable":true,"href":"https:\/\/www.actualidadadiario.com\/index.php\/wp-json\/wp\/v2\/tags?post=22243"}],"curies":[{"name":"wp","href":"https:\/\/api.w.org\/{rel}","templated":true}]}}