{"id":22240,"date":"2018-01-11T12:00:03","date_gmt":"2018-01-11T15:00:03","guid":{"rendered":"http:\/\/actualidadadiario.com\/site\/?p=22240"},"modified":"2018-11-06T19:49:19","modified_gmt":"2018-11-06T22:49:19","slug":"el-ministro-de-cultura-pablo-avelluto-dio-de-baja-al-ballet-clasico-de-inaki-urlezaga","status":"publish","type":"post","link":"https:\/\/www.actualidadadiario.com\/index.php\/2018\/01\/11\/el-ministro-de-cultura-pablo-avelluto-dio-de-baja-al-ballet-clasico-de-inaki-urlezaga\/","title":{"rendered":"El ministro de Cultura, Pablo Avelluto, dio de baja al ballet cl\u00e1sico de I\u00f1aki Urlezaga"},"content":{"rendered":"<p><em><strong>El Ministerio de Cultura de la Naci\u00f3n confirm\u00f3 oficialmente que resolvi\u00f3 &#8220;discontinuar el financiamiento de la Compa\u00f1\u00eda&#8221; de Danza que fue creada en 2013 por el gobierno en el \u00e1mbito de Desarrollo Social<\/strong><\/em><\/p>\n<p>&nbsp;<\/p>\n<p>&nbsp;<\/p>\n<p>&nbsp;<\/p>\n<p>La Compa\u00f1\u00eda de Danza Cl\u00e1sica Danza por la inclusi\u00f3n, que funcionaba bajo la direcci\u00f3n art\u00edstica de I\u00f1aki Urlezaga- y en el marco de un convenio de asistencia t\u00e9cnica con la Universidad Nacional de San Mart\u00edn- dejar\u00e1 de ser financiada por el Estado, de acuerdo al comunicado emitido por el Ministerio de Cultura que encabeza Pablo Avelluto.<\/p>\n<p>&nbsp;<\/p>\n<p>El proyecto, que integraban 60 bailarines argentinos y de pa\u00edses lim\u00edtrofes, se inici\u00f3 en 2013 en el \u00e1rea de Desarrollo Social de Alicia Kirchner, y luego tuvo su continuidad con Carolina Stanley hasta hoy.<\/p>\n<p>&nbsp;<\/p>\n<p>&#8220;Impotencia, tristeza, desolaci\u00f3n son las primeras palabras que vinieron a mi cabeza ayer cuando me comunicaron la decisi\u00f3n de bajar al ballet nacional Danza&#8221;, indic\u00f3\u00a0 Urlezaga, en un texto que envi\u00f3 a La Naci\u00f3n. Y agreg\u00f3: &#8220;El enojo por supuesto aflor\u00f3 porque soy un artista argentino y as\u00ed como el oc\u00e9ano se form\u00f3 gota a gota, este Ballet se estaba formando d\u00eda a d\u00eda&#8221;.<\/p>\n<p>&nbsp;<\/p>\n<p>&#8220;\u00bfPor qu\u00e9 no se fortaleci\u00f3 el espacio en lugar de quitar una fuente de trabajo y lugar de expresi\u00f3n logrado solo con esfuerzo y trabajo de calidad? \u00bfPor qu\u00e9 no se decidi\u00f3 la alternativa de construir apostando a un modelo de compa\u00f1\u00eda joven y diferente, en un pa\u00eds que tiene un vac\u00edo enorme en la danza cl\u00e1sica nacional?&#8221;, cuestion\u00f3 el artista quien planea retirarse de los escenarios este a\u00f1o en el Teatro Col\u00f3n.<\/p>\n<p>&nbsp;<\/p>\n<p>Tras una temporada complicada para el elenco, que estuvo hasta septiembre \u00faltimo sin bailar ni cobrar, la compa\u00f1\u00eda hab\u00eda presentado en 2017 en el Teatro Coliseo funciones del ballet La Traviata y El lago de los cisnes, con entradas agotadas; adem\u00e1s de presentaciones populares y gratuitas en el Anfiteatro del Parque Centenario.<\/p>\n<p>&nbsp;<\/p>\n<p>En el comunicado, Avelluto expres\u00f3 su agradecimiento por &#8220;el trabajo y la dedicaci\u00f3n puestas por I\u00f1aki Urlezaga en este proyecto&#8221; y destac\u00f3 que tiene bajo su responsabilidad dos elencos estables de danza, el Ballet Folkl\u00f3rico Nacional y la Compa\u00f1\u00eda Nacional de Danza Contempor\u00e1nea.<\/p>\n","protected":false},"excerpt":{"rendered":"<p>El Ministerio de Cultura de la Naci\u00f3n confirm\u00f3 oficialmente que resolvi\u00f3 &#8220;discontinuar el financiamiento de la Compa\u00f1\u00eda&#8221; de Danza que fue creada en 2013 por el gobierno en el \u00e1mbito de Desarrollo Social &nbsp; &nbsp; &nbsp; La Compa\u00f1\u00eda de Danza Cl\u00e1sica Danza por la inclusi\u00f3n, que funcionaba bajo la direcci\u00f3n art\u00edstica de I\u00f1aki Urlezaga- y en el marco de un convenio de asistencia t\u00e9cnica con la Universidad Nacional de San Mart\u00edn- dejar\u00e1 de ser financiada por el Estado, de acuerdo al comunicado emitido por el Ministerio de Cultura que encabeza&#8230;<\/p>\n","protected":false},"author":3,"featured_media":22241,"comment_status":"closed","ping_status":"closed","sticky":false,"template":"","format":"standard","meta":[],"categories":[18],"tags":[],"_links":{"self":[{"href":"https:\/\/www.actualidadadiario.com\/index.php\/wp-json\/wp\/v2\/posts\/22240"}],"collection":[{"href":"https:\/\/www.actualidadadiario.com\/index.php\/wp-json\/wp\/v2\/posts"}],"about":[{"href":"https:\/\/www.actualidadadiario.com\/index.php\/wp-json\/wp\/v2\/types\/post"}],"author":[{"embeddable":true,"href":"https:\/\/www.actualidadadiario.com\/index.php\/wp-json\/wp\/v2\/users\/3"}],"replies":[{"embeddable":true,"href":"https:\/\/www.actualidadadiario.com\/index.php\/wp-json\/wp\/v2\/comments?post=22240"}],"version-history":[{"count":1,"href":"https:\/\/www.actualidadadiario.com\/index.php\/wp-json\/wp\/v2\/posts\/22240\/revisions"}],"predecessor-version":[{"id":22242,"href":"https:\/\/www.actualidadadiario.com\/index.php\/wp-json\/wp\/v2\/posts\/22240\/revisions\/22242"}],"wp:featuredmedia":[{"embeddable":true,"href":"https:\/\/www.actualidadadiario.com\/index.php\/wp-json\/wp\/v2\/media\/22241"}],"wp:attachment":[{"href":"https:\/\/www.actualidadadiario.com\/index.php\/wp-json\/wp\/v2\/media?parent=22240"}],"wp:term":[{"taxonomy":"category","embeddable":true,"href":"https:\/\/www.actualidadadiario.com\/index.php\/wp-json\/wp\/v2\/categories?post=22240"},{"taxonomy":"post_tag","embeddable":true,"href":"https:\/\/www.actualidadadiario.com\/index.php\/wp-json\/wp\/v2\/tags?post=22240"}],"curies":[{"name":"wp","href":"https:\/\/api.w.org\/{rel}","templated":true}]}}