{"id":22228,"date":"2018-01-11T11:56:23","date_gmt":"2018-01-11T14:56:23","guid":{"rendered":"http:\/\/actualidadadiario.com\/site\/?p=22228"},"modified":"2018-11-06T19:52:15","modified_gmt":"2018-11-06T22:52:15","slug":"se-conocera-la-inflacion-anual-de-2017","status":"publish","type":"post","link":"https:\/\/www.actualidadadiario.com\/index.php\/2018\/01\/11\/se-conocera-la-inflacion-anual-de-2017\/","title":{"rendered":"Se conocer\u00e1 la inflaci\u00f3n anual de 2017"},"content":{"rendered":"<p><em><strong>El INDEC dar\u00e1 a conocer este jueves los \u00edndices correspondientes a diciembre del a\u00f1o pasado y el acumulado correspondiente a 2017<\/strong><\/em><\/p>\n<p>&nbsp;<\/p>\n<p>&nbsp;<\/p>\n<p>&nbsp;<\/p>\n<p>Los precios minoristas de diciembre habr\u00edan aumentado por encima del 2,5%, seg\u00fan la medici\u00f3n que este jueves dar\u00e1 a conocer el INDEC.<\/p>\n<p>&nbsp;<\/p>\n<p>Mientras tanto, el costo de vida acumulado durante el a\u00f1o pasado rondar\u00eda el 24,4 por ciento.<\/p>\n<p>&nbsp;<\/p>\n<p>La medici\u00f3n oficial estar\u00eda levemente por debajo de las mediciones privadas y de los gremios.<\/p>\n<p>&nbsp;<\/p>\n<p>En los dos primeros a\u00f1os de la administraci\u00f3n del presidente Macri, los precios minoristas alcanzar\u00e1n, si se ratifican las cifras, una inflaci\u00f3n superior al 60%.<\/p>\n<p>&nbsp;<\/p>\n<p>El INDEC dar\u00e1 a conocer los datos sobre precios junto con el indicador de utilizaci\u00f3n de los servicios p\u00fablicos de octubre.<\/p>\n","protected":false},"excerpt":{"rendered":"<p>El INDEC dar\u00e1 a conocer este jueves los \u00edndices correspondientes a diciembre del a\u00f1o pasado y el acumulado correspondiente a 2017 &nbsp; &nbsp; &nbsp; Los precios minoristas de diciembre habr\u00edan aumentado por encima del 2,5%, seg\u00fan la medici\u00f3n que este jueves dar\u00e1 a conocer el INDEC. &nbsp; Mientras tanto, el costo de vida acumulado durante el a\u00f1o pasado rondar\u00eda el 24,4 por ciento. &nbsp; La medici\u00f3n oficial estar\u00eda levemente por debajo de las mediciones privadas y de los gremios. &nbsp; En los dos primeros a\u00f1os de la administraci\u00f3n del presidente&#8230;<\/p>\n","protected":false},"author":3,"featured_media":22229,"comment_status":"closed","ping_status":"closed","sticky":false,"template":"","format":"standard","meta":[],"categories":[2],"tags":[],"_links":{"self":[{"href":"https:\/\/www.actualidadadiario.com\/index.php\/wp-json\/wp\/v2\/posts\/22228"}],"collection":[{"href":"https:\/\/www.actualidadadiario.com\/index.php\/wp-json\/wp\/v2\/posts"}],"about":[{"href":"https:\/\/www.actualidadadiario.com\/index.php\/wp-json\/wp\/v2\/types\/post"}],"author":[{"embeddable":true,"href":"https:\/\/www.actualidadadiario.com\/index.php\/wp-json\/wp\/v2\/users\/3"}],"replies":[{"embeddable":true,"href":"https:\/\/www.actualidadadiario.com\/index.php\/wp-json\/wp\/v2\/comments?post=22228"}],"version-history":[{"count":1,"href":"https:\/\/www.actualidadadiario.com\/index.php\/wp-json\/wp\/v2\/posts\/22228\/revisions"}],"predecessor-version":[{"id":22230,"href":"https:\/\/www.actualidadadiario.com\/index.php\/wp-json\/wp\/v2\/posts\/22228\/revisions\/22230"}],"wp:featuredmedia":[{"embeddable":true,"href":"https:\/\/www.actualidadadiario.com\/index.php\/wp-json\/wp\/v2\/media\/22229"}],"wp:attachment":[{"href":"https:\/\/www.actualidadadiario.com\/index.php\/wp-json\/wp\/v2\/media?parent=22228"}],"wp:term":[{"taxonomy":"category","embeddable":true,"href":"https:\/\/www.actualidadadiario.com\/index.php\/wp-json\/wp\/v2\/categories?post=22228"},{"taxonomy":"post_tag","embeddable":true,"href":"https:\/\/www.actualidadadiario.com\/index.php\/wp-json\/wp\/v2\/tags?post=22228"}],"curies":[{"name":"wp","href":"https:\/\/api.w.org\/{rel}","templated":true}]}}