{"id":22225,"date":"2018-01-11T11:55:30","date_gmt":"2018-01-11T14:55:30","guid":{"rendered":"http:\/\/actualidadadiario.com\/site\/?p=22225"},"modified":"2018-11-06T19:49:29","modified_gmt":"2018-11-06T22:49:29","slug":"en-el-interior-la-inflacion-tambien-supero-la-meta-oficial","status":"publish","type":"post","link":"https:\/\/www.actualidadadiario.com\/index.php\/2018\/01\/11\/en-el-interior-la-inflacion-tambien-supero-la-meta-oficial\/","title":{"rendered":"En el interior, la inflaci\u00f3n tambi\u00e9n super\u00f3 la meta oficial"},"content":{"rendered":"<p><em><strong>El costo de vida se ubic\u00f3 entre cinco y ocho puntos por encima de la meta en las provincias<\/strong><\/em><\/p>\n<p>&nbsp;<\/p>\n<p>&nbsp;<\/p>\n<p>&nbsp;<\/p>\n<p>El costo de vida subi\u00f3 de forma dispar en las diversas regiones del pa\u00eds durante 2017, aunque en todas las provincias se ubic\u00f3 entre cinco y ocho puntos por encima de la meta inflacionaria que hab\u00eda proyectado el Gobierno.<\/p>\n<p>&nbsp;<\/p>\n<p>La meta de inflaci\u00f3n que dispuso el Banco Central de la Rep\u00fablica Argentina era del 17% para el a\u00f1o pasado, pero el crecimiento de los precios super\u00f3 el 24% en el interior. En el anuncio del gabinete financiero del 28 de diciembre pasado, el Ejecutivo relaj\u00f3 las metas para 2018 y se espera que los precios avancen un 15% en promedio.<\/p>\n<p>&nbsp;<\/p>\n<p>Mientras Salta comenzar\u00e1 a relevar un \u00edndice a nivel provincial, el IPC del Chaco mostr\u00f3 un alza del 22,9 por ciento durante 2017, impulsado por el incremento en las tarifas de los servicios p\u00fablicos y de los combustibles, inform\u00f3 la Direcci\u00f3n de Estad\u00edstica de la provincia, seg\u00fan la agencia Noticias Argentinas.<\/p>\n<p>&nbsp;<\/p>\n<p>En Mendoza la inflaci\u00f3n del 2017 se ubic\u00f3 en el 24,6%, seg\u00fan la Direcci\u00f3n de Estad\u00edsticas e Investigaciones Econ\u00f3micas del Gobierno del radical Alfredo Cornejo, con fuertes saltos en diciembre (2,5%), abril (3,2%) y marzo (3,6%). El dato mendocino es igual al relevado por las consultoras privadas que reportan la inflaci\u00f3n a los legisladores de la oposici\u00f3n que dieron a conocer el martes el denominado &#8220;IPC Congreso&#8221;.<\/p>\n<p>&nbsp;<\/p>\n<p>Al igual que en Chaco, ese indicador tambi\u00e9n se\u00f1al\u00f3 que la inflaci\u00f3n del a\u00f1o pasado estuvo motorizada por subas registradas en Vivienda y Servicios B\u00e1sicos (tarifas de luz y gas) y Transporte y Comunicaciones (combustibles). .<\/p>\n<p>&nbsp;<\/p>\n<p>Para el Instituto Estad\u00edstico de los Trabajadores (patrocinado por la CGT y la CTA) el impacto de la inflaci\u00f3n sobre los salarios se increment\u00f3 un 27,3% en promedio durante el 2017.<\/p>\n<p>&nbsp;<\/p>\n<p>El costo de vida subi\u00f3 24,6% durante 2017, seg\u00fan el \u00cdndice de Precios al Consumidor que releva un sector de oposici\u00f3n en el Congreso sobre la base de mediciones de consultoras privadas.<\/p>\n<p>&nbsp;<\/p>\n<p>El IPC Congreso registr\u00f3 en diciembre una suba de 3,1%, impulsado principalmente por las subas registradas en Vivienda y Servicios B\u00e1sicos (tarifas de luz y gas) y Transporte y Comunicaciones (combustibles).<\/p>\n","protected":false},"excerpt":{"rendered":"<p>El costo de vida se ubic\u00f3 entre cinco y ocho puntos por encima de la meta en las provincias &nbsp; &nbsp; &nbsp; El costo de vida subi\u00f3 de forma dispar en las diversas regiones del pa\u00eds durante 2017, aunque en todas las provincias se ubic\u00f3 entre cinco y ocho puntos por encima de la meta inflacionaria que hab\u00eda proyectado el Gobierno. &nbsp; La meta de inflaci\u00f3n que dispuso el Banco Central de la Rep\u00fablica Argentina era del 17% para el a\u00f1o pasado, pero el crecimiento de los precios super\u00f3 el&#8230;<\/p>\n","protected":false},"author":3,"featured_media":22226,"comment_status":"closed","ping_status":"closed","sticky":false,"template":"","format":"standard","meta":[],"categories":[2],"tags":[],"_links":{"self":[{"href":"https:\/\/www.actualidadadiario.com\/index.php\/wp-json\/wp\/v2\/posts\/22225"}],"collection":[{"href":"https:\/\/www.actualidadadiario.com\/index.php\/wp-json\/wp\/v2\/posts"}],"about":[{"href":"https:\/\/www.actualidadadiario.com\/index.php\/wp-json\/wp\/v2\/types\/post"}],"author":[{"embeddable":true,"href":"https:\/\/www.actualidadadiario.com\/index.php\/wp-json\/wp\/v2\/users\/3"}],"replies":[{"embeddable":true,"href":"https:\/\/www.actualidadadiario.com\/index.php\/wp-json\/wp\/v2\/comments?post=22225"}],"version-history":[{"count":1,"href":"https:\/\/www.actualidadadiario.com\/index.php\/wp-json\/wp\/v2\/posts\/22225\/revisions"}],"predecessor-version":[{"id":22227,"href":"https:\/\/www.actualidadadiario.com\/index.php\/wp-json\/wp\/v2\/posts\/22225\/revisions\/22227"}],"wp:featuredmedia":[{"embeddable":true,"href":"https:\/\/www.actualidadadiario.com\/index.php\/wp-json\/wp\/v2\/media\/22226"}],"wp:attachment":[{"href":"https:\/\/www.actualidadadiario.com\/index.php\/wp-json\/wp\/v2\/media?parent=22225"}],"wp:term":[{"taxonomy":"category","embeddable":true,"href":"https:\/\/www.actualidadadiario.com\/index.php\/wp-json\/wp\/v2\/categories?post=22225"},{"taxonomy":"post_tag","embeddable":true,"href":"https:\/\/www.actualidadadiario.com\/index.php\/wp-json\/wp\/v2\/tags?post=22225"}],"curies":[{"name":"wp","href":"https:\/\/api.w.org\/{rel}","templated":true}]}}