{"id":22216,"date":"2018-01-11T11:52:46","date_gmt":"2018-01-11T14:52:46","guid":{"rendered":"http:\/\/actualidadadiario.com\/site\/?p=22216"},"modified":"2018-11-06T19:49:44","modified_gmt":"2018-11-06T22:49:44","slug":"este-jueves-se-pondra-en-marcha-la-xxxv-fiesta-nacional-del-lago","status":"publish","type":"post","link":"https:\/\/www.actualidadadiario.com\/index.php\/2018\/01\/11\/este-jueves-se-pondra-en-marcha-la-xxxv-fiesta-nacional-del-lago\/","title":{"rendered":"Este jueves se pondr\u00e1 en marcha la XXXV Fiesta Nacional del Lago"},"content":{"rendered":"<p><em><strong>Con gran expectativa, la ciudad de Federaci\u00f3n aguarda el inicio de la fiesta mayor de los federaenses y se prepara para recibir a miles de visitantes de distintos lugares del pa\u00eds, que arribar\u00e1n para disfrutar de la playa y los deportes n\u00e1uticos, como as\u00ed tambi\u00e9n para asistir a los espect\u00e1culos musicales en el anfiteatro \u201cJuancho Garcilazo\u201d<\/strong><\/em><\/p>\n<p>&nbsp;<\/p>\n<p>&nbsp;<\/p>\n<p>&nbsp;<\/p>\n<p>&nbsp;<\/p>\n<p>&nbsp;<\/p>\n<p>La XXXV Fiesta Nacional del Lago tendr\u00e1 lugar desde este jueves 11 al domingo 14 de enero y, en cuanto a la programaci\u00f3n de los artistas centrales, se destaca que en la apertura oficial se contar\u00e1 con la presencia especial de \u201cCachumba\u201d, cuarteto de C\u00f3rdoba. Ser\u00e1 con entrada libre y gratuita.<\/p>\n<p>&nbsp;<\/p>\n<p>El viernes comenzar\u00e1n las actividades deportivas y n\u00e1uticas, con la actuaci\u00f3n de Ernestito Montiel y su conjunto, m\u00e1s Los 4 de Salta y La Princesita \u201cKarina\u201d, entre otros.<\/p>\n<p>&nbsp;<\/p>\n<p>El domingo 14, actuara el grupo local; Ra\u00edces J\u00f3venes y cerrar\u00e1 la fiesta \u201cLali\u201d Esposito.<\/p>\n<p>&nbsp;<\/p>\n<p>Si bien la ciudad de Federaci\u00f3n, es reconocida por su Parque Termal, luce m\u00e1s por el inmenso espejo de agua del Lago Salto Grande, sus playas y sus propuestas para el verano.<\/p>\n<p>&nbsp;<\/p>\n<p>Durante esas jornadas, la ciudad se transforma en el escenario ideal para competencias deportivas, festivales de m\u00fasica popular, juegos, arte y numerosas atracciones que re\u00fanen en Federaci\u00f3n a una gran cantidad de turistas y p\u00fablico de la regi\u00f3n.<\/p>\n<p>&nbsp;<\/p>\n<p>Adem\u00e1s, en todas estas tardes, las Playas son el escenario de bandas de rock y m\u00fasica popular, mientras se disputa el Torneo de Beach Volley Provincial y en los paradores se ofrecen servicios, se disfruta de buena m\u00fasica y hasta de fiestas bailables.<\/p>\n<p>&nbsp;<\/p>\n<p>Competencias de nataci\u00f3n, el tradicional \u201cCruce del Lago\u201d, el Campeonato Argentino de Motos de Agua y Jet Sky, Torneos de B\u00e1squet 3 X 3, Torneos de Pesca de Costa con Devoluci\u00f3n para ni\u00f1os y adultos, Torneo de Tchoukball y Hockey Beach y Beach Voley, entre otras completan una grilla de actividades que en el caso de los ni\u00f1os propone un Concurso de Castillo de Arena, y Caminata del Ni\u00f1o Pintor, a los cuales los m\u00e1s peque\u00f1os se suman en gran n\u00famero.<\/p>\n<p>&nbsp;<\/p>\n<p>De esta manera, la Fiesta del Lago en Federaci\u00f3n, resulta una propuesta ideal para la familia, que puede permitirse el deleite durante cuatro d\u00edas con una diversidad y alternativas que en pocos lugares tendr\u00e1n a su alcance.<\/p>\n","protected":false},"excerpt":{"rendered":"<p>Con gran expectativa, la ciudad de Federaci\u00f3n aguarda el inicio de la fiesta mayor de los federaenses y se prepara para recibir a miles de visitantes de distintos lugares del pa\u00eds, que arribar\u00e1n para disfrutar de la playa y los deportes n\u00e1uticos, como as\u00ed tambi\u00e9n para asistir a los espect\u00e1culos musicales en el anfiteatro \u201cJuancho Garcilazo\u201d &nbsp; &nbsp; &nbsp; &nbsp; &nbsp; La XXXV Fiesta Nacional del Lago tendr\u00e1 lugar desde este jueves 11 al domingo 14 de enero y, en cuanto a la programaci\u00f3n de los artistas centrales, se destaca&#8230;<\/p>\n","protected":false},"author":3,"featured_media":22217,"comment_status":"closed","ping_status":"closed","sticky":false,"template":"","format":"standard","meta":[],"categories":[15],"tags":[],"_links":{"self":[{"href":"https:\/\/www.actualidadadiario.com\/index.php\/wp-json\/wp\/v2\/posts\/22216"}],"collection":[{"href":"https:\/\/www.actualidadadiario.com\/index.php\/wp-json\/wp\/v2\/posts"}],"about":[{"href":"https:\/\/www.actualidadadiario.com\/index.php\/wp-json\/wp\/v2\/types\/post"}],"author":[{"embeddable":true,"href":"https:\/\/www.actualidadadiario.com\/index.php\/wp-json\/wp\/v2\/users\/3"}],"replies":[{"embeddable":true,"href":"https:\/\/www.actualidadadiario.com\/index.php\/wp-json\/wp\/v2\/comments?post=22216"}],"version-history":[{"count":1,"href":"https:\/\/www.actualidadadiario.com\/index.php\/wp-json\/wp\/v2\/posts\/22216\/revisions"}],"predecessor-version":[{"id":22218,"href":"https:\/\/www.actualidadadiario.com\/index.php\/wp-json\/wp\/v2\/posts\/22216\/revisions\/22218"}],"wp:featuredmedia":[{"embeddable":true,"href":"https:\/\/www.actualidadadiario.com\/index.php\/wp-json\/wp\/v2\/media\/22217"}],"wp:attachment":[{"href":"https:\/\/www.actualidadadiario.com\/index.php\/wp-json\/wp\/v2\/media?parent=22216"}],"wp:term":[{"taxonomy":"category","embeddable":true,"href":"https:\/\/www.actualidadadiario.com\/index.php\/wp-json\/wp\/v2\/categories?post=22216"},{"taxonomy":"post_tag","embeddable":true,"href":"https:\/\/www.actualidadadiario.com\/index.php\/wp-json\/wp\/v2\/tags?post=22216"}],"curies":[{"name":"wp","href":"https:\/\/api.w.org\/{rel}","templated":true}]}}