{"id":22213,"date":"2018-01-11T11:51:59","date_gmt":"2018-01-11T14:51:59","guid":{"rendered":"http:\/\/actualidadadiario.com\/site\/?p=22213"},"modified":"2018-11-06T19:47:50","modified_gmt":"2018-11-06T22:47:50","slug":"balneario-entrerriano-cuenta-con-una-silla-de-accesibilidad-para-personas-con-discapacidad","status":"publish","type":"post","link":"https:\/\/www.actualidadadiario.com\/index.php\/2018\/01\/11\/balneario-entrerriano-cuenta-con-una-silla-de-accesibilidad-para-personas-con-discapacidad\/","title":{"rendered":"Balneario entrerriano cuenta con una silla de accesibilidad para personas con discapacidad"},"content":{"rendered":"<p><em><strong>Gran iniciativa. Aquellas personas que cuenten con movilidad reducida podr\u00e1n disfrutar sin inconvenientes de la arena y llegar hasta el borde del r\u00edo. Es el primer balneario de la costa del Paran\u00e1 con este mecanismo<\/strong><\/em><\/p>\n<p>&nbsp;<\/p>\n<p>&nbsp;<\/p>\n<p>&nbsp;<\/p>\n<p>&nbsp;<\/p>\n<p>El balneario de Valle Mar\u00eda, departamento Diamante, el primero de la costa del R\u00edo Paran\u00e1 en contar con una silla que permite llegar hasta el borde del agua.<\/p>\n<p>&nbsp;<\/p>\n<p>Se trata de un trabajo conjunto entre la Municipalidad, la Universidad Aut\u00f3noma de Entre R\u00edos -Uader- y el Instituto Provincial de Discapacidad -Iprodi-.<\/p>\n<p>&nbsp;<\/p>\n<p>La iniciativa surgi\u00f3 tras un trabajo articulado entre la Uader y el Iprodi, que se propusieron equipar los centros tur\u00edsticos p\u00fablicos para promover el acceso pleno a las playas y el r\u00edo de las personas con discapacidad.<\/p>\n<p>&nbsp;<\/p>\n<p>Esta temporada, la Municipalidad construy\u00f3 una rampa en el centro de la playa para que personas con problem\u00e1ticas de motricidad pueda llegar hasta la arena, y desde ah\u00ed transportarse en una silla hasta el borde del agua.<\/p>\n<p>&nbsp;<\/p>\n<p>\u201cSi bien no se trata de una silla anfibia, es decir que flota en el agua, el Iprodi nos envi\u00f3 esta silla que permite llegar hasta el borde de la playa, lo que es un aliciente para aquellas personas que nos visitan y tienen problemas de motricidad\u201d, dijeron desde la comuna.<\/p>\n","protected":false},"excerpt":{"rendered":"<p>Gran iniciativa. Aquellas personas que cuenten con movilidad reducida podr\u00e1n disfrutar sin inconvenientes de la arena y llegar hasta el borde del r\u00edo. Es el primer balneario de la costa del Paran\u00e1 con este mecanismo &nbsp; &nbsp; &nbsp; &nbsp; El balneario de Valle Mar\u00eda, departamento Diamante, el primero de la costa del R\u00edo Paran\u00e1 en contar con una silla que permite llegar hasta el borde del agua. &nbsp; Se trata de un trabajo conjunto entre la Municipalidad, la Universidad Aut\u00f3noma de Entre R\u00edos -Uader- y el Instituto Provincial de Discapacidad&#8230;<\/p>\n","protected":false},"author":3,"featured_media":22214,"comment_status":"closed","ping_status":"closed","sticky":false,"template":"","format":"standard","meta":[],"categories":[15],"tags":[],"_links":{"self":[{"href":"https:\/\/www.actualidadadiario.com\/index.php\/wp-json\/wp\/v2\/posts\/22213"}],"collection":[{"href":"https:\/\/www.actualidadadiario.com\/index.php\/wp-json\/wp\/v2\/posts"}],"about":[{"href":"https:\/\/www.actualidadadiario.com\/index.php\/wp-json\/wp\/v2\/types\/post"}],"author":[{"embeddable":true,"href":"https:\/\/www.actualidadadiario.com\/index.php\/wp-json\/wp\/v2\/users\/3"}],"replies":[{"embeddable":true,"href":"https:\/\/www.actualidadadiario.com\/index.php\/wp-json\/wp\/v2\/comments?post=22213"}],"version-history":[{"count":1,"href":"https:\/\/www.actualidadadiario.com\/index.php\/wp-json\/wp\/v2\/posts\/22213\/revisions"}],"predecessor-version":[{"id":22215,"href":"https:\/\/www.actualidadadiario.com\/index.php\/wp-json\/wp\/v2\/posts\/22213\/revisions\/22215"}],"wp:featuredmedia":[{"embeddable":true,"href":"https:\/\/www.actualidadadiario.com\/index.php\/wp-json\/wp\/v2\/media\/22214"}],"wp:attachment":[{"href":"https:\/\/www.actualidadadiario.com\/index.php\/wp-json\/wp\/v2\/media?parent=22213"}],"wp:term":[{"taxonomy":"category","embeddable":true,"href":"https:\/\/www.actualidadadiario.com\/index.php\/wp-json\/wp\/v2\/categories?post=22213"},{"taxonomy":"post_tag","embeddable":true,"href":"https:\/\/www.actualidadadiario.com\/index.php\/wp-json\/wp\/v2\/tags?post=22213"}],"curies":[{"name":"wp","href":"https:\/\/api.w.org\/{rel}","templated":true}]}}