{"id":22210,"date":"2018-01-11T11:51:07","date_gmt":"2018-01-11T14:51:07","guid":{"rendered":"http:\/\/actualidadadiario.com\/site\/?p=22210"},"modified":"2018-11-06T19:49:54","modified_gmt":"2018-11-06T22:49:54","slug":"familiares-de-ninos-con-discapacidad-plantearon-la-necesidad-de-mejorar-la-integracion-en-las-escuelas","status":"publish","type":"post","link":"https:\/\/www.actualidadadiario.com\/index.php\/2018\/01\/11\/familiares-de-ninos-con-discapacidad-plantearon-la-necesidad-de-mejorar-la-integracion-en-las-escuelas\/","title":{"rendered":"Familiares de ni\u00f1os con discapacidad plantearon la necesidad de mejorar la integraci\u00f3n en las escuelas"},"content":{"rendered":"<p><em><strong>Lo hicieron en una reuni\u00f3n que mantuvieron este mi\u00e9rcoles con la ministra de Gobierno, Rosario Romero destacando la buena predisposici\u00f3n de la funcionaria y adelant\u00f3 que la semana pr\u00f3xima habr\u00eda una reuni\u00f3n con las autoridades del Consejo de Educaci\u00f3n<\/strong><\/em><\/p>\n<p>&nbsp;<\/p>\n<p>&nbsp;<\/p>\n<p>&nbsp;<\/p>\n<p>La Ministra de Gobierno recibi\u00f3 este mi\u00e9rcoles a un grupo de madres y padres de chicos con discapacidad. La audiencia hab\u00eda sido solicitada debido al reclamo que se ven\u00eda realizando al Iosper por la demora en los reintegros: \u201cEse tema ya se resolvi\u00f3 el lunes, pero como la reuni\u00f3n ya estaba pautada Rosario Romero nos recibi\u00f3 igual\u201d, indic\u00f3 L\u00f3pez.<\/p>\n<p>&nbsp;<\/p>\n<p>\u201cLa Ministra nos atendi\u00f3 muy bien, nos escuch\u00f3 y inform\u00f3 que en las pr\u00f3ximas horas ten\u00eda prevista una reuni\u00f3n con (Fernando) Ca\u00f1ete (titular del Iosper).<\/p>\n<p>&nbsp;<\/p>\n<p>\u201cComo los inconvenientes con la obra social ya estaban resueltos, dialogamos acerca de la necesidad de mejorar la instancia de educaci\u00f3n de los chicos con discapacidad\u201d, se\u00f1al\u00f3 L\u00f3pez, quien asever\u00f3: \u201cLas escuelas p\u00fablicas no est\u00e1n preparadas para integrar a los alumnos con discapacidad\u201d.<\/p>\n<p>&nbsp;<\/p>\n<p>En este marco, adelant\u00f3 que Romero les dijo que \u201cla semana que viene habr\u00eda una reuni\u00f3n con autoridades del CGE para tratar los temas de la integraci\u00f3n en las escuelas p\u00fablicas\u201d.<\/p>\n<p>&nbsp;<\/p>\n<p>&nbsp;<\/p>\n<p><strong>Firma de acuerdo con el Iosper<\/strong><\/p>\n<p>Finalmente, Nancy L\u00f3pez, inform\u00f3 que este jueves a las 9 en la sede del Iosper se firmar\u00e1 el acuerdo con la obra social en funci\u00f3n de los puntos de acuerdo alcanzados el lunes.<\/p>\n","protected":false},"excerpt":{"rendered":"<p>Lo hicieron en una reuni\u00f3n que mantuvieron este mi\u00e9rcoles con la ministra de Gobierno, Rosario Romero destacando la buena predisposici\u00f3n de la funcionaria y adelant\u00f3 que la semana pr\u00f3xima habr\u00eda una reuni\u00f3n con las autoridades del Consejo de Educaci\u00f3n &nbsp; &nbsp; &nbsp; La Ministra de Gobierno recibi\u00f3 este mi\u00e9rcoles a un grupo de madres y padres de chicos con discapacidad. La audiencia hab\u00eda sido solicitada debido al reclamo que se ven\u00eda realizando al Iosper por la demora en los reintegros: \u201cEse tema ya se resolvi\u00f3 el lunes, pero como la&#8230;<\/p>\n","protected":false},"author":3,"featured_media":22211,"comment_status":"closed","ping_status":"closed","sticky":false,"template":"","format":"standard","meta":[],"categories":[15],"tags":[],"_links":{"self":[{"href":"https:\/\/www.actualidadadiario.com\/index.php\/wp-json\/wp\/v2\/posts\/22210"}],"collection":[{"href":"https:\/\/www.actualidadadiario.com\/index.php\/wp-json\/wp\/v2\/posts"}],"about":[{"href":"https:\/\/www.actualidadadiario.com\/index.php\/wp-json\/wp\/v2\/types\/post"}],"author":[{"embeddable":true,"href":"https:\/\/www.actualidadadiario.com\/index.php\/wp-json\/wp\/v2\/users\/3"}],"replies":[{"embeddable":true,"href":"https:\/\/www.actualidadadiario.com\/index.php\/wp-json\/wp\/v2\/comments?post=22210"}],"version-history":[{"count":1,"href":"https:\/\/www.actualidadadiario.com\/index.php\/wp-json\/wp\/v2\/posts\/22210\/revisions"}],"predecessor-version":[{"id":22212,"href":"https:\/\/www.actualidadadiario.com\/index.php\/wp-json\/wp\/v2\/posts\/22210\/revisions\/22212"}],"wp:featuredmedia":[{"embeddable":true,"href":"https:\/\/www.actualidadadiario.com\/index.php\/wp-json\/wp\/v2\/media\/22211"}],"wp:attachment":[{"href":"https:\/\/www.actualidadadiario.com\/index.php\/wp-json\/wp\/v2\/media?parent=22210"}],"wp:term":[{"taxonomy":"category","embeddable":true,"href":"https:\/\/www.actualidadadiario.com\/index.php\/wp-json\/wp\/v2\/categories?post=22210"},{"taxonomy":"post_tag","embeddable":true,"href":"https:\/\/www.actualidadadiario.com\/index.php\/wp-json\/wp\/v2\/tags?post=22210"}],"curies":[{"name":"wp","href":"https:\/\/api.w.org\/{rel}","templated":true}]}}