{"id":22207,"date":"2018-01-11T11:50:15","date_gmt":"2018-01-11T14:50:15","guid":{"rendered":"http:\/\/actualidadadiario.com\/site\/?p=22207"},"modified":"2018-11-06T19:47:55","modified_gmt":"2018-11-06T22:47:55","slug":"bordet-coordino-con-su-gabinete-las-primeras-acciones-del-2018","status":"publish","type":"post","link":"https:\/\/www.actualidadadiario.com\/index.php\/2018\/01\/11\/bordet-coordino-con-su-gabinete-las-primeras-acciones-del-2018\/","title":{"rendered":"Bordet coordin\u00f3 con su gabinete las primeras acciones del 2018"},"content":{"rendered":"<p><em><strong>El mandatario pidi\u00f3 celeridad y eficiencia en las gestiones vinculadas a la obra p\u00fablica en toda la provincia. Sobre las paritarias hizo saber que se trabajar\u00e1 en una propuesta que compense la p\u00e9rdida del poder adquisitivo y a su vez permita sostener la estructura de ingresos de la provincia<\/strong><\/em><\/p>\n<p>&nbsp;<\/p>\n<p>&nbsp;<\/p>\n<p>&nbsp;<\/p>\n<p>\u201cLa convocatoria para este comienzo de a\u00f1o es primero trabajar intensamente y coordinados, con objetivos, tratando de resolver todo lo que tenemos pendiente en la forma m\u00e1s eficaz y sosteniendo los valores de austeridad y transparencia\u201d, dijo Bordet desde el Sal\u00f3n de los Gobernadores de la Casa Gris durante la primera reuni\u00f3n de gabinete del a\u00f1o.<\/p>\n<p>&nbsp;<\/p>\n<p>\u201cTenemos que cuidar los recursos p\u00fablicos\u201d, sostuvo el gobernador, antes de mencionar \u201clo salarial\u201d. Y en ese orden plante\u00f3: \u201cTodos los a\u00f1os se encuentra soluci\u00f3n porque hay vocaci\u00f3n de encontrarla\u201d.<\/p>\n<p>&nbsp;<\/p>\n<p>\u201cEsto no se trata de una puja, sino de sostener la estructura de ingresos que nos permite hacer frente a las obligaciones, tener los pagos ordenados y tener un andamiaje estructural de toda la administraci\u00f3n p\u00fablica con el control necesario\u201d, afirm\u00f3 Bordet.<\/p>\n<p>&nbsp;<\/p>\n<p>El mandatario recibi\u00f3 de sus funcionarios un pormenorizado informe de avances en cada una de las \u00e1reas de gobierno y requiri\u00f3 un monitoreo exhaustivo de la sequ\u00eda que se registra en la regi\u00f3n. Fue en ese marco en el que destacaron los beneficios de la reforma impositiva que comenz\u00f3 a regir en la provincia este mes.<\/p>\n<p>&nbsp;<\/p>\n<p>\u201cEl nuevo esquema alcanza la exenci\u00f3n de un 97 por ciento en el sector agropecuario a los productores de Entre R\u00edos. Esto implica que m\u00e1s de 4.000 productores que tributaban el Impuesto a los Ingresos Brutos, pagando el uno por ciento, ya no lo van a estar pagando a partir del 1\u00ba de enero, as\u00ed como en el sector industrial y en el sector comercial se premian algunas conductas de buenos contribuyentes\u201d, dijo al respecto el director Ejecutivo de ATER, Sergio Granetto.<\/p>\n<p>&nbsp;<\/p>\n<p>\u201cEn el sector comercial, potencialmente todo el sector minorista, puede reducir su tasa de ingresos brutos en hasta un uno por ciento de lo que hoy tributa, si tiene una buena conducta tributaria\u201d, expres\u00f3 Granetto.<\/p>\n<p>&nbsp;<\/p>\n<p>\u201cCreemos que este es el camino que se va a seguir profundizando en los pr\u00f3ximos a\u00f1os con la quita de la Ley 4035, la reducci\u00f3n del impuesto al sello, as\u00ed que el desaf\u00edo es importante y las metas para este 2018 son, por un lado, mantener este nivel de recaudaci\u00f3n ampliando la base tributaria y, por el otro, la baja de la presi\u00f3n a los que ya vienen pagando\u201d, resumi\u00f3.<\/p>\n<p>&nbsp;<\/p>\n<p>En la reuni\u00f3n \u201cse hizo un an\u00e1lisis del cierre 2017 y se destac\u00f3 que el aumento de la recaudaci\u00f3n provincial fue de un 40,32 por ciento, lo que nos ubica entre las primeras provincias a nivel pa\u00eds en cuanto a la recaudaci\u00f3n provincial, sin haber aumentado al\u00edcuotas, sin haber grabado otros sectores y manteniendo las exenciones que hab\u00eda a los distintos sectores que estaban en ese momento vigente. Muy por encima de la inflaci\u00f3n y con un trabajo muy fuerte en materia de cobro y de ampliaci\u00f3n de la base tributaria\u201d, puntualiz\u00f3.<\/p>\n<p>&nbsp;<\/p>\n<p>Granetto tambi\u00e9n apunt\u00f3 que en la reuni\u00f3n \u201cse destac\u00f3 el beneficio para jubilados y pensionados de toda la provincia que hasta 17.000 pesos de ingresos y \u00fanica propiedad no van a pagar m\u00e1s el Impuesto Inmobiliario. Eso se financia por dos a\u00f1os con la incorporaci\u00f3n de los metros cuadrados que se hizo en Concordia con mil partidas que tributaban como bald\u00edo y eran propiedades de alto valor en cuanto a su categor\u00eda\u201d.<\/p>\n<p>&nbsp;<\/p>\n<p>&nbsp;<\/p>\n<p><strong>Seguridad y paquete normativo<\/strong><\/p>\n<p>Al hacer una evaluaci\u00f3n del encuentro, la ministra de Gobierno y Justicia, Rosario Romero, observ\u00f3: \u201cEl intercambio ha sido muy \u00fatil. Siempre nos vamos enriquecidos, porque cada uno est\u00e1 dedicado a un \u00e1rea y nos vamos con un panorama m\u00e1s completo de lo que hay que hacer\u201d.<\/p>\n<p>&nbsp;<\/p>\n<p>La ministra inform\u00f3, en tanto, que se encuentra \u201cpreparando un paquete normativo que va a ayudar, si la legislatura prontamente trata esas normas, a que los procesos sean m\u00e1s \u00e1giles y a que podamos resolver cuestiones que pide la ciudadan\u00eda, porque siempre a los gobiernos hay que plantearlos de Casa de gobierno para afuera\u201d.<\/p>\n<p>&nbsp;<\/p>\n<p>Romero, por \u00faltimo, defini\u00f3 ejes para trabajar este a\u00f1o: \u201cEl gobernador insiste en la aplicaci\u00f3n de fondos para dotar a nuestras ciudades de m\u00e1s c\u00e1maras, de m\u00e1s posibilidades de prevenci\u00f3n y de investigaci\u00f3n de los delitos. Y tambi\u00e9n vamos a tener un desaf\u00edo nuevo que es el tema de la investigaci\u00f3n del narcomenudeo, en el caso de que la legislatura provincial le d\u00e9 sanci\u00f3n a la ley. Son dos ejes e trabajo en materia de seguridad, siempre conjuntamente con el Poder Judicial, en un acuerdo permanente\u201d.<\/p>\n<p>&nbsp;<\/p>\n<p>&nbsp;<\/p>\n<p><strong>Puentes y obras en ejecuci\u00f3n<\/strong><\/p>\n<p>La titular de Vialidad Provincial, Alicia Ben\u00edtez, resalt\u00f3 que \u201cel 95 por ciento de las obras son financiadas con recursos provinciales\u201d.<\/p>\n<p>&nbsp;<\/p>\n<p>\u201cHace un a\u00f1o atr\u00e1s, cuando fuimos con el gobernador a reunirnos con Vialidad de la Naci\u00f3n, nos hab\u00edan prometido un pr\u00e9stamo a trav\u00e9s del BID para obras de arte. Entre R\u00edos tiene 7.130 cursos de agua que atraviesan el territorio. Hay m\u00e1s de 1600 puentes o alcantarillas que tenemos que reponer, restituir o hacer de nuevo. De eso hemos conseguido un financiamiento\u201d, especific\u00f3 la funcionaria.<\/p>\n<p>&nbsp;<\/p>\n<p>Tambi\u00e9n Ben\u00edtez indic\u00f3: \u201cEstamos presentando en enero ocho puentes que abarcan todo el territorio. Los m\u00e1s reclamados son los de Algarrobito, en la zona netamente lechera y productiva, Las Jacintas en el departamento Gualeguay, los que une Diamante con Victoria, y estamos trabajando en eso\u201d. Y destac\u00f3 que se han sumado al trabajo las Secretar\u00edas de la Producci\u00f3n y Medio Ambiente. \u201cVamos a seguir en este camino. Hay mucho por hacer, mucho para recuperar y no estamos ni un d\u00eda sin pensar c\u00f3mo lo seguimos haciendo\u201d, concluy\u00f3.<\/p>\n","protected":false},"excerpt":{"rendered":"<p>El mandatario pidi\u00f3 celeridad y eficiencia en las gestiones vinculadas a la obra p\u00fablica en toda la provincia. Sobre las paritarias hizo saber que se trabajar\u00e1 en una propuesta que compense la p\u00e9rdida del poder adquisitivo y a su vez permita sostener la estructura de ingresos de la provincia &nbsp; &nbsp; &nbsp; \u201cLa convocatoria para este comienzo de a\u00f1o es primero trabajar intensamente y coordinados, con objetivos, tratando de resolver todo lo que tenemos pendiente en la forma m\u00e1s eficaz y sosteniendo los valores de austeridad y transparencia\u201d, dijo Bordet&#8230;<\/p>\n","protected":false},"author":3,"featured_media":22208,"comment_status":"closed","ping_status":"closed","sticky":false,"template":"","format":"standard","meta":[],"categories":[9,15],"tags":[],"_links":{"self":[{"href":"https:\/\/www.actualidadadiario.com\/index.php\/wp-json\/wp\/v2\/posts\/22207"}],"collection":[{"href":"https:\/\/www.actualidadadiario.com\/index.php\/wp-json\/wp\/v2\/posts"}],"about":[{"href":"https:\/\/www.actualidadadiario.com\/index.php\/wp-json\/wp\/v2\/types\/post"}],"author":[{"embeddable":true,"href":"https:\/\/www.actualidadadiario.com\/index.php\/wp-json\/wp\/v2\/users\/3"}],"replies":[{"embeddable":true,"href":"https:\/\/www.actualidadadiario.com\/index.php\/wp-json\/wp\/v2\/comments?post=22207"}],"version-history":[{"count":1,"href":"https:\/\/www.actualidadadiario.com\/index.php\/wp-json\/wp\/v2\/posts\/22207\/revisions"}],"predecessor-version":[{"id":22209,"href":"https:\/\/www.actualidadadiario.com\/index.php\/wp-json\/wp\/v2\/posts\/22207\/revisions\/22209"}],"wp:featuredmedia":[{"embeddable":true,"href":"https:\/\/www.actualidadadiario.com\/index.php\/wp-json\/wp\/v2\/media\/22208"}],"wp:attachment":[{"href":"https:\/\/www.actualidadadiario.com\/index.php\/wp-json\/wp\/v2\/media?parent=22207"}],"wp:term":[{"taxonomy":"category","embeddable":true,"href":"https:\/\/www.actualidadadiario.com\/index.php\/wp-json\/wp\/v2\/categories?post=22207"},{"taxonomy":"post_tag","embeddable":true,"href":"https:\/\/www.actualidadadiario.com\/index.php\/wp-json\/wp\/v2\/tags?post=22207"}],"curies":[{"name":"wp","href":"https:\/\/api.w.org\/{rel}","templated":true}]}}