{"id":22204,"date":"2018-01-11T11:49:21","date_gmt":"2018-01-11T14:49:21","guid":{"rendered":"http:\/\/actualidadadiario.com\/site\/?p=22204"},"modified":"2018-11-06T19:47:50","modified_gmt":"2018-11-06T22:47:50","slug":"ater-reglamento-la-reforma-tributaria","status":"publish","type":"post","link":"https:\/\/www.actualidadadiario.com\/index.php\/2018\/01\/11\/ater-reglamento-la-reforma-tributaria\/","title":{"rendered":"ATER reglament\u00f3 la Reforma Tributaria"},"content":{"rendered":"<p><em><strong>La Administradora Tributaria de Entre R\u00edos dict\u00f3 cuatro Resoluciones que reglamentan la reforma tributaria, de acuerdo con las facultades dispuestas por la Ley 10.557, promulgada por el Gobernador el 27 de diciembre pasado<\/strong><\/em><\/p>\n<p>&nbsp;<\/p>\n<p>&nbsp;<\/p>\n<p>&nbsp;<\/p>\n<p>Se trata de las Resoluciones 6, 7, 8 y 9, todas de fecha 10 de enero de 2018, y disponen una serie de medidas que permiten la puesta en pr\u00e1ctica de la reforma dispuesta por la Ley 10.557, facilitando los procesos para que sus contribuyentes y asesores impositivos puedan acceder \u00e1gilmente a trav\u00e9s de su clave fiscal a los encuadres que establece el C\u00f3digo Fiscal y la Ley impositiva, con las modificaciones dispuestas. Asimismo se introducen adecuaciones en los sistemas de retenci\u00f3n y percepci\u00f3n vigentes. Las nuevas normas estar\u00e1n disponibles a partir del 11 de enero a trav\u00e9s de la p\u00e1gina web del organismo: www.ater.gov.ar, secci\u00f3n informaci\u00f3n fiscal\/normativas.<\/p>\n<p>&nbsp;<\/p>\n<p>Particularmente, se destaca que la ATER pondr\u00e1 a disposici\u00f3n de los contribuyentes un reporte web\u2013 con acceso a trav\u00e9s de clave fiscal- con informaci\u00f3n relativa al encuadre de los contribuyentes, y extender\u00e1 certificados de no retenci\u00f3n\/percepci\u00f3n a los que ten\u00edan exenciones vigentes en el Impuesto sobre los Ingresos Brutos, hasta tanto completen los tr\u00e1mites necesarios.<\/p>\n<p>&nbsp;<\/p>\n<p>&nbsp;<\/p>\n<p><strong>Contadores Matriculados<\/strong><\/p>\n<p>La normativa, tambi\u00e9n se remiti\u00f3 a trav\u00e9s del Consejo de Ciencias Econ\u00f3micas a todos los contadores matriculados de la provincia, un instructivo que apunta a despejar inquietudes sobre la aplicaci\u00f3n de las disposiciones de la Ley, principalmente en el plano operativo, y en lo referido a Ingresos Brutos y Ley 4035, atento que la ley ya rige desde el 1\u00b0 de enero de 2018.<\/p>\n<p>&nbsp;<\/p>\n<p>&nbsp;<\/p>\n<p><strong>La Ley Provincial<\/strong><\/p>\n<p>La recientemente sancionada Ley N\u00b0 10.557, introduce modificaciones en el r\u00e9gimen tributario provincial, con vigencia a partir del 1\u00b0 de enero de 2018. Dentro del marco establecido por el Consenso Fiscal, presenta un esquema de baja gradual y responsable de la presi\u00f3n tributaria provincial, destacando en ese proceso la buena conducta tributaria de los contribuyentes de determinados sectores, principalmente de escala micro, peque\u00f1os y medianos.<\/p>\n<p>&nbsp;<\/p>\n<p>Asimismo, la nueva Ley introduce un modelo de progresividad fiscal aplicable a los sectores primario, industrial y comercio, de la mano de la hist\u00f3ricamente pretendida armonizaci\u00f3n con las otras provincias integrantes de la Regi\u00f3n Centro (esto es, cuando m\u00e1s peque\u00f1o es el contribuyente tributa proporcionalmente menos o est\u00e1 exento del impuesto). Concomitantemente, se insta a los municipios a adherir, estableciendo posibilidades concretas para que estos puedan imitar el proceso respecto de sus tasas.<\/p>\n<p>&nbsp;<\/p>\n<p>&nbsp;<\/p>\n<p><strong>Beneficio para Jubilados y Pensionados<\/strong><\/p>\n<p>No pagar\u00e1n m\u00e1s el impuesto inmobiliario. Gozan desde el 1\u00b0 de enero de 2018 de una exenci\u00f3n total del impuesto inmobiliario en la Provincia de Entre R\u00edos. Es para quienes tienen \u00fanica propiedad y hasta $17.000 de ingresos. Es imprescindible realizar un simple tr\u00e1mite de solicitud ante la ATER y se extiende por 2 a\u00f1os, renovables si cumple requisitos.<\/p>\n<p>&nbsp;<\/p>\n<p>El costo fiscal de este beneficio para Jubilados y Pensionados se financia con lo recaudado por la ampliaci\u00f3n de base tributaria en el mismo impuesto: equivale a los metros cuadrados incorporados en Concordia desde 2017 por 8 millones anuales, por cruces de bases catastrales entre Provincia y municipio.<\/p>\n","protected":false},"excerpt":{"rendered":"<p>La Administradora Tributaria de Entre R\u00edos dict\u00f3 cuatro Resoluciones que reglamentan la reforma tributaria, de acuerdo con las facultades dispuestas por la Ley 10.557, promulgada por el Gobernador el 27 de diciembre pasado &nbsp; &nbsp; &nbsp; Se trata de las Resoluciones 6, 7, 8 y 9, todas de fecha 10 de enero de 2018, y disponen una serie de medidas que permiten la puesta en pr\u00e1ctica de la reforma dispuesta por la Ley 10.557, facilitando los procesos para que sus contribuyentes y asesores impositivos puedan acceder \u00e1gilmente a trav\u00e9s de&#8230;<\/p>\n","protected":false},"author":3,"featured_media":22205,"comment_status":"closed","ping_status":"closed","sticky":false,"template":"","format":"standard","meta":[],"categories":[9,15],"tags":[],"_links":{"self":[{"href":"https:\/\/www.actualidadadiario.com\/index.php\/wp-json\/wp\/v2\/posts\/22204"}],"collection":[{"href":"https:\/\/www.actualidadadiario.com\/index.php\/wp-json\/wp\/v2\/posts"}],"about":[{"href":"https:\/\/www.actualidadadiario.com\/index.php\/wp-json\/wp\/v2\/types\/post"}],"author":[{"embeddable":true,"href":"https:\/\/www.actualidadadiario.com\/index.php\/wp-json\/wp\/v2\/users\/3"}],"replies":[{"embeddable":true,"href":"https:\/\/www.actualidadadiario.com\/index.php\/wp-json\/wp\/v2\/comments?post=22204"}],"version-history":[{"count":1,"href":"https:\/\/www.actualidadadiario.com\/index.php\/wp-json\/wp\/v2\/posts\/22204\/revisions"}],"predecessor-version":[{"id":22206,"href":"https:\/\/www.actualidadadiario.com\/index.php\/wp-json\/wp\/v2\/posts\/22204\/revisions\/22206"}],"wp:featuredmedia":[{"embeddable":true,"href":"https:\/\/www.actualidadadiario.com\/index.php\/wp-json\/wp\/v2\/media\/22205"}],"wp:attachment":[{"href":"https:\/\/www.actualidadadiario.com\/index.php\/wp-json\/wp\/v2\/media?parent=22204"}],"wp:term":[{"taxonomy":"category","embeddable":true,"href":"https:\/\/www.actualidadadiario.com\/index.php\/wp-json\/wp\/v2\/categories?post=22204"},{"taxonomy":"post_tag","embeddable":true,"href":"https:\/\/www.actualidadadiario.com\/index.php\/wp-json\/wp\/v2\/tags?post=22204"}],"curies":[{"name":"wp","href":"https:\/\/api.w.org\/{rel}","templated":true}]}}