{"id":22195,"date":"2018-01-10T12:20:58","date_gmt":"2018-01-10T15:20:58","guid":{"rendered":"http:\/\/actualidadadiario.com\/site\/?p=22195"},"modified":"2018-11-06T19:49:49","modified_gmt":"2018-11-06T22:49:49","slug":"evo-celebro-el-fin-de-la-huelga-politica-de-los-medicos-bolivianos","status":"publish","type":"post","link":"https:\/\/www.actualidadadiario.com\/index.php\/2018\/01\/10\/evo-celebro-el-fin-de-la-huelga-politica-de-los-medicos-bolivianos\/","title":{"rendered":"Evo celebr\u00f3 el fin de la &#8220;huelga pol\u00edtica&#8221; de los m\u00e9dicos bolivianos"},"content":{"rendered":"<p><em><strong>El presidente de Bolivia, Evo Morales, ha celebrado este martes el acuerdo firmado por el Gobierno y el Colegio M\u00e9dico de Bolivia para poner fin a m\u00e1s de 40 d\u00edas de protestas por parte de los profesionales sanitarios por una reforma penal que criminaliza la mala praxis<\/strong><\/em><\/p>\n<p>&nbsp;<\/p>\n<p>&nbsp;<\/p>\n<p>&nbsp;<\/p>\n<p>&#8220;Saludamos a los m\u00e9dicos y trabajadores que nunca pararon, tienen vocaci\u00f3n de servicio, y a los que permitieron levantar la huelga pol\u00edtica que tanto da\u00f1o caus\u00f3 a miles de enfermos&#8221;, ha escrito en su cuenta oficial de Twitter, donde ha reiterado su compromiso para lograr &#8220;un servicio de salud sensible, solidario, universal y gratuito&#8221;.<\/p>\n<p>&nbsp;<\/p>\n<p>Los m\u00e9dicos han mantenido 43 d\u00edas de protestas que en algunos momentos han derivado en duros enfrentamientos con las fuerzas de seguridad para conseguir que el Gobierno retirara el art\u00edculo 205 del nuevo C\u00f3digo Penal, que tipifica la mala praxis.<\/p>\n<p>&nbsp;<\/p>\n<p>Los manifestantes argumentaron que el mal ejercicio profesional no depende solo de la pericia m\u00e9dica, sino de los recursos, equipos e infraestructuras con los que cuentan los trabajadores del sector sanitario que, seg\u00fan denunciaron, son escasos.<\/p>\n<p>&nbsp;<\/p>\n<p>El Gobierno, que subraya que ha multiplicado por siete la inversi\u00f3n p\u00fablica en el sistema sanitario desde el inicio del mandato de Morales, en 2005, ha accedido finalmente a derogar el art\u00edculo y los decretos por los que creaba un organismo regulador. Las consultas se han reanudado este martes.<\/p>\n<p>&nbsp;<\/p>\n<p>Adem\u00e1s, las partes se han citado para el pr\u00f3ximo mes de marzo para celebrar un di\u00e1logo nacional &#8220;por la salud y la vida&#8221;, seg\u00fan ha informado la agencia de noticias oficial ABI.<\/p>\n","protected":false},"excerpt":{"rendered":"<p>El presidente de Bolivia, Evo Morales, ha celebrado este martes el acuerdo firmado por el Gobierno y el Colegio M\u00e9dico de Bolivia para poner fin a m\u00e1s de 40 d\u00edas de protestas por parte de los profesionales sanitarios por una reforma penal que criminaliza la mala praxis &nbsp; &nbsp; &nbsp; &#8220;Saludamos a los m\u00e9dicos y trabajadores que nunca pararon, tienen vocaci\u00f3n de servicio, y a los que permitieron levantar la huelga pol\u00edtica que tanto da\u00f1o caus\u00f3 a miles de enfermos&#8221;, ha escrito en su cuenta oficial de Twitter, donde ha&#8230;<\/p>\n","protected":false},"author":3,"featured_media":22196,"comment_status":"closed","ping_status":"closed","sticky":false,"template":"","format":"standard","meta":[],"categories":[4],"tags":[],"_links":{"self":[{"href":"https:\/\/www.actualidadadiario.com\/index.php\/wp-json\/wp\/v2\/posts\/22195"}],"collection":[{"href":"https:\/\/www.actualidadadiario.com\/index.php\/wp-json\/wp\/v2\/posts"}],"about":[{"href":"https:\/\/www.actualidadadiario.com\/index.php\/wp-json\/wp\/v2\/types\/post"}],"author":[{"embeddable":true,"href":"https:\/\/www.actualidadadiario.com\/index.php\/wp-json\/wp\/v2\/users\/3"}],"replies":[{"embeddable":true,"href":"https:\/\/www.actualidadadiario.com\/index.php\/wp-json\/wp\/v2\/comments?post=22195"}],"version-history":[{"count":1,"href":"https:\/\/www.actualidadadiario.com\/index.php\/wp-json\/wp\/v2\/posts\/22195\/revisions"}],"predecessor-version":[{"id":22197,"href":"https:\/\/www.actualidadadiario.com\/index.php\/wp-json\/wp\/v2\/posts\/22195\/revisions\/22197"}],"wp:featuredmedia":[{"embeddable":true,"href":"https:\/\/www.actualidadadiario.com\/index.php\/wp-json\/wp\/v2\/media\/22196"}],"wp:attachment":[{"href":"https:\/\/www.actualidadadiario.com\/index.php\/wp-json\/wp\/v2\/media?parent=22195"}],"wp:term":[{"taxonomy":"category","embeddable":true,"href":"https:\/\/www.actualidadadiario.com\/index.php\/wp-json\/wp\/v2\/categories?post=22195"},{"taxonomy":"post_tag","embeddable":true,"href":"https:\/\/www.actualidadadiario.com\/index.php\/wp-json\/wp\/v2\/tags?post=22195"}],"curies":[{"name":"wp","href":"https:\/\/api.w.org\/{rel}","templated":true}]}}