{"id":22180,"date":"2018-01-10T12:16:47","date_gmt":"2018-01-10T15:16:47","guid":{"rendered":"http:\/\/actualidadadiario.com\/site\/?p=22180"},"modified":"2018-11-06T19:51:39","modified_gmt":"2018-11-06T22:51:39","slug":"pichetto-no-descarta-volver-a-coincidir-politicamente-con-cristina","status":"publish","type":"post","link":"https:\/\/www.actualidadadiario.com\/index.php\/2018\/01\/10\/pichetto-no-descarta-volver-a-coincidir-politicamente-con-cristina\/","title":{"rendered":"Pichetto no descarta &#8220;volver a coincidir pol\u00edticamente&#8221; con Cristina"},"content":{"rendered":"<p><em><strong>El jefe del Bloque Justicialista del Senado consider\u00f3 que &#8220;el peronismo tiene que reconfigurarse&#8221;. A su vez, indic\u00f3 que con la expresidenta s\u00f3lo hay &#8220;diferencias de visi\u00f3n&#8221;<\/strong><\/em><\/p>\n<p>&nbsp;<\/p>\n<p>&nbsp;<\/p>\n<p>&nbsp;<\/p>\n<p>El jefe del Bloque Justicialista del Senado, Miguel \u00c1ngel Pichetto, evalu\u00f3 este mi\u00e9rcoles que &#8220;el peronismo tiene que reconfigurarse&#8221;. Asimismo, no descart\u00f3 volver a coincidir pol\u00edticamente con la senadora Cristina Fern\u00e1ndez de Kirchner.<\/p>\n<p>&nbsp;<\/p>\n<p>&#8220;En esta etapa yo considero que el peronismo tiene que reconfigurarse, reordenarse, creo que los sectores m\u00e1s ligados a una visi\u00f3n opositora de bloqueo de izquierda en la Argentina no son la alternativa para el peronismo&#8221;, sentenci\u00f3 Pichetto en una entrevista con Semanario Parlamentario, seg\u00fan consign\u00f3 la agencia Noticias Argentinas.<\/p>\n<p>&nbsp;<\/p>\n<p>De este modo, el legislador hizo alusi\u00f3n al espacio que lidera la expresidenta y no descart\u00f3 volver a coincidir pol\u00edticamente con ella. Al ser consultado respecto de si su ruptura con la actual senadora de Unidad Ciudadana no tiene retorno, respondi\u00f3: &#8220;Yo no dir\u00eda eso en pol\u00edtica, lo que digo es que hay diferencias de visi\u00f3n&#8221;.<\/p>\n<p>&nbsp;<\/p>\n<p>En ese marco reiter\u00f3 que &#8220;no&#8221; tiene &#8220;cuestiones de tipo personal&#8221; con la exmandataria y subray\u00f3 que &#8220;tiene que seguir siendo senadora, que no debe proceder ning\u00fan desafuero hasta que no haya sentencia firme, lo mismo para el caso de Carlos Menem&#8221;.<\/p>\n<p>&nbsp;<\/p>\n<p>Por \u00faltimo se refiri\u00f3 a quienes lo acusan desde el kirchnerismo de &#8220;traidor&#8221; y sentenci\u00f3: &#8220;En pol\u00edtica esa palabra no existe, no es una palabra que tenga incorporada en el diccionario. La verdad que estoy inmunizado de ese tipo de cr\u00edticas, porque son sin ning\u00fan tipo de sustancia ni contenido&#8221;.<\/p>\n","protected":false},"excerpt":{"rendered":"<p>El jefe del Bloque Justicialista del Senado consider\u00f3 que &#8220;el peronismo tiene que reconfigurarse&#8221;. A su vez, indic\u00f3 que con la expresidenta s\u00f3lo hay &#8220;diferencias de visi\u00f3n&#8221; &nbsp; &nbsp; &nbsp; El jefe del Bloque Justicialista del Senado, Miguel \u00c1ngel Pichetto, evalu\u00f3 este mi\u00e9rcoles que &#8220;el peronismo tiene que reconfigurarse&#8221;. Asimismo, no descart\u00f3 volver a coincidir pol\u00edticamente con la senadora Cristina Fern\u00e1ndez de Kirchner. &nbsp; &#8220;En esta etapa yo considero que el peronismo tiene que reconfigurarse, reordenarse, creo que los sectores m\u00e1s ligados a una visi\u00f3n opositora de bloqueo de izquierda&#8230;<\/p>\n","protected":false},"author":3,"featured_media":22181,"comment_status":"closed","ping_status":"closed","sticky":false,"template":"","format":"standard","meta":[],"categories":[9,18],"tags":[],"_links":{"self":[{"href":"https:\/\/www.actualidadadiario.com\/index.php\/wp-json\/wp\/v2\/posts\/22180"}],"collection":[{"href":"https:\/\/www.actualidadadiario.com\/index.php\/wp-json\/wp\/v2\/posts"}],"about":[{"href":"https:\/\/www.actualidadadiario.com\/index.php\/wp-json\/wp\/v2\/types\/post"}],"author":[{"embeddable":true,"href":"https:\/\/www.actualidadadiario.com\/index.php\/wp-json\/wp\/v2\/users\/3"}],"replies":[{"embeddable":true,"href":"https:\/\/www.actualidadadiario.com\/index.php\/wp-json\/wp\/v2\/comments?post=22180"}],"version-history":[{"count":1,"href":"https:\/\/www.actualidadadiario.com\/index.php\/wp-json\/wp\/v2\/posts\/22180\/revisions"}],"predecessor-version":[{"id":22182,"href":"https:\/\/www.actualidadadiario.com\/index.php\/wp-json\/wp\/v2\/posts\/22180\/revisions\/22182"}],"wp:featuredmedia":[{"embeddable":true,"href":"https:\/\/www.actualidadadiario.com\/index.php\/wp-json\/wp\/v2\/media\/22181"}],"wp:attachment":[{"href":"https:\/\/www.actualidadadiario.com\/index.php\/wp-json\/wp\/v2\/media?parent=22180"}],"wp:term":[{"taxonomy":"category","embeddable":true,"href":"https:\/\/www.actualidadadiario.com\/index.php\/wp-json\/wp\/v2\/categories?post=22180"},{"taxonomy":"post_tag","embeddable":true,"href":"https:\/\/www.actualidadadiario.com\/index.php\/wp-json\/wp\/v2\/tags?post=22180"}],"curies":[{"name":"wp","href":"https:\/\/api.w.org\/{rel}","templated":true}]}}