{"id":22177,"date":"2018-01-10T12:15:57","date_gmt":"2018-01-10T15:15:57","guid":{"rendered":"http:\/\/actualidadadiario.com\/site\/?p=22177"},"modified":"2018-11-06T19:50:44","modified_gmt":"2018-11-06T22:50:44","slug":"la-reforma-laboral-se-dilata-pero-no-se-cancela-la-rosada-apuesta-a-aprobarla-en-mayo","status":"publish","type":"post","link":"https:\/\/www.actualidadadiario.com\/index.php\/2018\/01\/10\/la-reforma-laboral-se-dilata-pero-no-se-cancela-la-rosada-apuesta-a-aprobarla-en-mayo\/","title":{"rendered":"La reforma laboral se dilata pero no se cancela: la Rosada apuesta a aprobarla en mayo"},"content":{"rendered":"<p><em><strong>El Gobierno no consigue sumar apoyos por la divisi\u00f3n de la CGT y la avanzada judicial contra gremialistas. En busca de respaldos peronistas, podr\u00edan negociar cambios<\/strong><\/em><\/p>\n<p>&nbsp;<\/p>\n<p>&nbsp;<\/p>\n<p>&nbsp;<\/p>\n<p>Por temor a que se reiteren las ca\u00f3ticas protestas alrededor del Congreso y a que la CGT se una para trabar al Ejecutivo, el Gobierno dio marcha atr\u00e1s y no tratar\u00e1 la reforma laboral en febrero. Ante este escenario, en Casa Rosada esperan aprobarla alrededor de mayo y hasta abren la posibilidad de cambiar art\u00edculos de la ley, con el fin de sumar el consenso de lo que llaman &#8220;peronismo racional&#8221;: as\u00ed llaman al senador Miguel \u00c1ngel Pichetto y diputados del peronismo que s\u00f3lo votar\u00edan la reforma si la Casa Rosada consigue el apoyo de gremios poderosos de la CGT.<\/p>\n<p>&nbsp;<\/p>\n<p>&nbsp;<\/p>\n<p>&nbsp;<\/p>\n<p>Las protestas por la reforma previsional persisten en la retina de Balcarce 50. &#8220;Tuvimos un diciembre muy caliente y, los actores con los que tenemos que negociar, que es el peronismo m\u00e1s racional, nos dice: no fuerzen m\u00e1s la m\u00e1quina porque no podemos acordar en tan poco espacio&#8221;, explic\u00f3 una alta fuente de Cambiemos. Adem\u00e1s, revelan que la CGT &#8220;entr\u00f3 en un proceso de desunidad que termin\u00f3 de explotar en diciembre&#8221; y que al estar fragmentada la central de los trabajadores, el Gobierno no puede lograr que el Senado -en alusi\u00f3n al bloque de Pichetto- apoye sin el respaldo gremial. Por estas razones, la Casa Rosada tuvo que postergar el debate.<\/p>\n<p>&nbsp;<\/p>\n<p>Otro punto que complica el escenario para la reforma son las causas judiciales de los gremialistas como Marcelo Balcedo y V\u00edctor Santa Mar\u00eda. &#8220;Se ponen mucho m\u00e1s a la defensiva&#8221;, explic\u00f3 un funcionario, al reconocer que temen una avanzada judicial contra otros gremios. &#8220;Con este clima, apurar la reforma va a lograr que se unan todos ahora, pero para frenarla&#8221;, aceptaron en el Gobierno.<\/p>\n<p>&nbsp;<\/p>\n<p>En Balcarce 50 apuestan a lograr sacar adelante la reforma antes de la mitad de a\u00f1o, luego de un arduo debate en las comisiones del Congreso. La Casa Rosada abre las puertas a que haya cambios en el proyecto actual que facilita el blanqueo de trabajadores informales, reduce la base de c\u00e1lculo de indemnizaciones y tambi\u00e9n crea un Fondo de Cese Laboral que abarata los despidos en algunos sectores.<\/p>\n<p>&nbsp;<\/p>\n<p>Este es el tipo de medidas con las que el presidente Mauricio Macri cree que estimular\u00e1 la inversi\u00f3n extranjera en el pa\u00eds. &#8220;Con esto damos previsibilidad. Definimos bien c\u00f3mo se calcula la indemnizaci\u00f3n para que no haya jueces con resoluciones tan distintas o abogados demandando por diversos puntos&#8221;, explican en el Gobierno. &#8220;Esa imprevisibilidad hace que el empresario no tome trabajadores&#8221;, agregan.<\/p>\n<p>&nbsp;<\/p>\n<p>En Casa Rosada creen que hay sectores sindicales con los que pueden acordar tales como &#8220;Los Gordos&#8221; que representan a Comercio, Metal\u00fargicos, Sanidad y Alimentaci\u00f3n. Pero tambi\u00e9n resaltan que el l\u00edder de la UOCRA, Gerardo Mart\u00ednez, podr\u00eda apoyar ya que la construcci\u00f3n es uno de los sectores que m\u00e1s crece en los \u00faltimos meses. En tanto, ponen en duda el apoyo del l\u00edder de Camioneros, Hugo Moyano, o de Gastron\u00f3micos, como Luis Barrionuevo. A su vez, tampoco esperan recibir el aval de legisladores que responden al ex diputado Sergio Massa. &#8220;No creo que aprobemos la reforma con apoyo de gobernadores, como pas\u00f3 con la previsional&#8221;, explic\u00f3 un alto funcionario que incluso reconoce que puede llegar a haber disturbios en la calle. &#8220;La CTA no va a acompa\u00f1ar y gremios aliados al kirchnerismo tampoco porque estos juegan a quebrar&#8221;, dicen.<\/p>\n<p>&nbsp;<\/p>\n<p>Entretanto, el Gobierno apunta a avanzar con otras leyes que est\u00e1n entrelazadas con la reforma laboral. En la lista est\u00e1 la Ley de Financiamiento Productivo, la Ley de Competencia y la Ley de Compre Nacional.<\/p>\n","protected":false},"excerpt":{"rendered":"<p>El Gobierno no consigue sumar apoyos por la divisi\u00f3n de la CGT y la avanzada judicial contra gremialistas. En busca de respaldos peronistas, podr\u00edan negociar cambios &nbsp; &nbsp; &nbsp; Por temor a que se reiteren las ca\u00f3ticas protestas alrededor del Congreso y a que la CGT se una para trabar al Ejecutivo, el Gobierno dio marcha atr\u00e1s y no tratar\u00e1 la reforma laboral en febrero. Ante este escenario, en Casa Rosada esperan aprobarla alrededor de mayo y hasta abren la posibilidad de cambiar art\u00edculos de la ley, con el fin&#8230;<\/p>\n","protected":false},"author":3,"featured_media":22178,"comment_status":"closed","ping_status":"closed","sticky":false,"template":"","format":"standard","meta":[],"categories":[9,18],"tags":[],"_links":{"self":[{"href":"https:\/\/www.actualidadadiario.com\/index.php\/wp-json\/wp\/v2\/posts\/22177"}],"collection":[{"href":"https:\/\/www.actualidadadiario.com\/index.php\/wp-json\/wp\/v2\/posts"}],"about":[{"href":"https:\/\/www.actualidadadiario.com\/index.php\/wp-json\/wp\/v2\/types\/post"}],"author":[{"embeddable":true,"href":"https:\/\/www.actualidadadiario.com\/index.php\/wp-json\/wp\/v2\/users\/3"}],"replies":[{"embeddable":true,"href":"https:\/\/www.actualidadadiario.com\/index.php\/wp-json\/wp\/v2\/comments?post=22177"}],"version-history":[{"count":1,"href":"https:\/\/www.actualidadadiario.com\/index.php\/wp-json\/wp\/v2\/posts\/22177\/revisions"}],"predecessor-version":[{"id":22179,"href":"https:\/\/www.actualidadadiario.com\/index.php\/wp-json\/wp\/v2\/posts\/22177\/revisions\/22179"}],"wp:featuredmedia":[{"embeddable":true,"href":"https:\/\/www.actualidadadiario.com\/index.php\/wp-json\/wp\/v2\/media\/22178"}],"wp:attachment":[{"href":"https:\/\/www.actualidadadiario.com\/index.php\/wp-json\/wp\/v2\/media?parent=22177"}],"wp:term":[{"taxonomy":"category","embeddable":true,"href":"https:\/\/www.actualidadadiario.com\/index.php\/wp-json\/wp\/v2\/categories?post=22177"},{"taxonomy":"post_tag","embeddable":true,"href":"https:\/\/www.actualidadadiario.com\/index.php\/wp-json\/wp\/v2\/tags?post=22177"}],"curies":[{"name":"wp","href":"https:\/\/api.w.org\/{rel}","templated":true}]}}