{"id":22174,"date":"2018-01-10T12:15:06","date_gmt":"2018-01-10T15:15:06","guid":{"rendered":"http:\/\/actualidadadiario.com\/site\/?p=22174"},"modified":"2018-11-06T19:49:33","modified_gmt":"2018-11-06T22:49:33","slug":"en-medio-de-criticas-por-prolongar-sus-vacaciones-macri-recibira-a-gobernadores-en-cumelen","status":"publish","type":"post","link":"https:\/\/www.actualidadadiario.com\/index.php\/2018\/01\/10\/en-medio-de-criticas-por-prolongar-sus-vacaciones-macri-recibira-a-gobernadores-en-cumelen\/","title":{"rendered":"En medio de cr\u00edticas por prolongar sus vacaciones, Macri recibir\u00e1 a gobernadores en Cumel\u00e9n"},"content":{"rendered":"<p><em><strong>En medio de las cr\u00edticas por haberse tomado casi tres semanas de vacaciones, el presidente Mauricio Macri mantendr\u00e1 esta semana una serie de reuniones con mandatarios provinciales en Villa La Angostura, lugar en el que descansa junto a su familia. Hoy recibir\u00e1 a los gobernadores patag\u00f3nicos Mariano Arcioni, de Chubut, y Alberto Weretilneck, de R\u00edo Negro; ma\u00f1ana al jefe de Gobierno porte\u00f1o, Horacio Rodr\u00edguez Larreta; y el viernes pr\u00f3ximo ser\u00e1 el turno de la gobernadora de la provincia de Buenos Aires, Mar\u00eda Eugenia Vidal<\/strong><\/em><\/p>\n<p>&nbsp;<\/p>\n<p>&nbsp;<\/p>\n<p>&nbsp;<\/p>\n<p>&nbsp;<\/p>\n<p>A diferencia de la semana anterior, en la que s\u00f3lo interrumpi\u00f3 sus vacaciones por unas horas para recorrer la ampliaci\u00f3n de obras en el Parque E\u00f3lico Rawson, estos d\u00edas Macri eligi\u00f3 mostrarse con una agenda pol\u00edtica m\u00e1s activa en respuesta a la seguidilla de cuestionamientos por haber extendido su descanso en el sur del pa\u00eds, que comenz\u00f3 el 25 de diciembre pasado y que podr\u00eda culminar reci\u00e9n el fin de semana pr\u00f3ximo. Luego de que ayer encabez\u00f3 la inauguraci\u00f3n de obras en San Rafael junto al gobernador de Mendoza, Alfredo Cornejo, y sobrevol\u00f3 la zona de los incendios en el sur mendocino, hoy se encontrar\u00e1 con Arcioni y despu\u00e9s con Weretilneck en un &#8220;mano a mano&#8221; en Cumel\u00e9n Country Club para conversar sobre varios temas, entre ellos algunos vinculados a obras, la necesidad de que las legislaturas provinciales aprueben el pacto fiscal firmado con la Naci\u00f3n, y la problem\u00e1tica con la Resistencia Ancestral Mapuche (RAM). De las reuniones tambi\u00e9n participar\u00e1 el ministro del Interior, Rogelio Frigerio, uno de los pocos funcionarios del Gabinete que todav\u00eda permanece en Buenos Aires.<\/p>\n<p>&nbsp;<\/p>\n<p>Antes de que finalizara el 2017, Macri se reuni\u00f3 con el gobernador de Neuqu\u00e9n, Omar Guti\u00e9rrez, uno de los mandatarios provinciales con mayor llegada a Frigerio y al viceministro del Interior, Sebasti\u00e1n Garc\u00eda de Luca.<\/p>\n<p>&nbsp;<\/p>\n<p>El encuentro con los gobernadores patag\u00f3nicos no s\u00f3lo tiene como objetivo revertir las recientes cr\u00edticas hacia Macri, sino tambi\u00e9n estrechar lazos con mandatarios que son vistos con buenos ojos por parte del Poder Ejecutivo nacional por acompa\u00f1ar algunas de las iniciativas de la alianza Cambiemos. No tan lejos, a fines del a\u00f1o pasado, el jefe de Gabinete, Marcos Pe\u00f1a; Frigerio; y los ministros Patricia Bullrich, de Seguridad; y Germ\u00e1n Garavano, de Justicia, se reunieron con Arcioni, Weretilneck y Guti\u00e9rrez para coordinar acciones conjuntas para luchar contra la RAM, poco despu\u00e9s de que el joven mapuche Jorge Nahuel fuera asesinado por la espalda por efectivos de la Prefectura.<\/p>\n<p>&nbsp;<\/p>\n<p>Sin mayores detalles, desde presidencia de la Naci\u00f3n confirmaron a trav\u00e9s de un comunicado que el mandatario recibir\u00e1 ma\u00f1ana a Rodr\u00edguez Larreta con &#8220;miembros de su equipo&#8221; y el viernes a Vidal y &#8220;los diputados nacionales por R\u00edo Negro, Sergio Wisky y Lorena Matzen, y por Neuqu\u00e9n, David Schlereth y Leandro L\u00f3pez&#8221;. Una fuente de Balcarce 50 se\u00f1al\u00f3 que en ambos casos se tratan de &#8220;reuniones de trabajo&#8221; habituales y que el temario es abierto, como con los gobernadores.<\/p>\n<p>&nbsp;<\/p>\n<p>Tras su regreso a Buenos Aires, Macri pasar\u00e1 apenas unos d\u00edas en el pa\u00eds debido a que a fines de la semana pr\u00f3xima viajar\u00e1 a Mosc\u00fa para reunirse con el presidente Vladimir Putin y luego viajar\u00e1 a Suiza para participar del Foro Econ\u00f3mico Mundial, en Davos.<\/p>\n","protected":false},"excerpt":{"rendered":"<p>En medio de las cr\u00edticas por haberse tomado casi tres semanas de vacaciones, el presidente Mauricio Macri mantendr\u00e1 esta semana una serie de reuniones con mandatarios provinciales en Villa La Angostura, lugar en el que descansa junto a su familia. Hoy recibir\u00e1 a los gobernadores patag\u00f3nicos Mariano Arcioni, de Chubut, y Alberto Weretilneck, de R\u00edo Negro; ma\u00f1ana al jefe de Gobierno porte\u00f1o, Horacio Rodr\u00edguez Larreta; y el viernes pr\u00f3ximo ser\u00e1 el turno de la gobernadora de la provincia de Buenos Aires, Mar\u00eda Eugenia Vidal &nbsp; &nbsp; &nbsp; &nbsp; A diferencia&#8230;<\/p>\n","protected":false},"author":3,"featured_media":22175,"comment_status":"closed","ping_status":"closed","sticky":false,"template":"","format":"standard","meta":[],"categories":[18],"tags":[],"_links":{"self":[{"href":"https:\/\/www.actualidadadiario.com\/index.php\/wp-json\/wp\/v2\/posts\/22174"}],"collection":[{"href":"https:\/\/www.actualidadadiario.com\/index.php\/wp-json\/wp\/v2\/posts"}],"about":[{"href":"https:\/\/www.actualidadadiario.com\/index.php\/wp-json\/wp\/v2\/types\/post"}],"author":[{"embeddable":true,"href":"https:\/\/www.actualidadadiario.com\/index.php\/wp-json\/wp\/v2\/users\/3"}],"replies":[{"embeddable":true,"href":"https:\/\/www.actualidadadiario.com\/index.php\/wp-json\/wp\/v2\/comments?post=22174"}],"version-history":[{"count":1,"href":"https:\/\/www.actualidadadiario.com\/index.php\/wp-json\/wp\/v2\/posts\/22174\/revisions"}],"predecessor-version":[{"id":22176,"href":"https:\/\/www.actualidadadiario.com\/index.php\/wp-json\/wp\/v2\/posts\/22174\/revisions\/22176"}],"wp:featuredmedia":[{"embeddable":true,"href":"https:\/\/www.actualidadadiario.com\/index.php\/wp-json\/wp\/v2\/media\/22175"}],"wp:attachment":[{"href":"https:\/\/www.actualidadadiario.com\/index.php\/wp-json\/wp\/v2\/media?parent=22174"}],"wp:term":[{"taxonomy":"category","embeddable":true,"href":"https:\/\/www.actualidadadiario.com\/index.php\/wp-json\/wp\/v2\/categories?post=22174"},{"taxonomy":"post_tag","embeddable":true,"href":"https:\/\/www.actualidadadiario.com\/index.php\/wp-json\/wp\/v2\/tags?post=22174"}],"curies":[{"name":"wp","href":"https:\/\/api.w.org\/{rel}","templated":true}]}}