{"id":22168,"date":"2018-01-10T12:13:08","date_gmt":"2018-01-10T15:13:08","guid":{"rendered":"http:\/\/actualidadadiario.com\/site\/?p=22168"},"modified":"2018-11-06T19:49:23","modified_gmt":"2018-11-06T22:49:23","slug":"el-pj-nacional-junta-firmas-contra-la-reforma-previsional","status":"publish","type":"post","link":"https:\/\/www.actualidadadiario.com\/index.php\/2018\/01\/10\/el-pj-nacional-junta-firmas-contra-la-reforma-previsional\/","title":{"rendered":"El PJ Nacional junta firmas contra la reforma previsional"},"content":{"rendered":"<p><em><strong>La campa\u00f1a, que aspira a juntar un mill\u00f3n de firmas en dos meses, hab\u00eda sido inaugurada el 3 de enero por el Instituto Patria<\/strong><\/em><\/p>\n<p>&nbsp;<\/p>\n<p>&nbsp;<\/p>\n<p>&nbsp;<\/p>\n<p>El Consejo Nacional del PJ, que encabeza Jos\u00e9 Luis Gioja, convoc\u00f3 a reunir firmas en todo el pa\u00eds contra la reforma previsional, convertida en ley el mes pasado.<\/p>\n<p>&nbsp;<\/p>\n<p>Lo hizo un d\u00eda despu\u00e9s de que el PJ bonaerense se sumara a una campa\u00f1a de recolecci\u00f3n de &#8220;un mill\u00f3n de firmas&#8221; iniciada por el kirchnerismo para derogar en el Congreso la reforma previsional que modific\u00f3 la f\u00f3rmula de actualizaci\u00f3n de haberes jubilatorios y asignaci\u00f3n universal por hijo.<\/p>\n<p>&nbsp;<\/p>\n<p>La campa\u00f1a, que aspira a juntar un mill\u00f3n de firmas en dos meses, hab\u00eda sido inaugurada el 3 de enero por el Instituto Patria, donde se encuentran las oficinas porte\u00f1as de la ex presidenta Cristina Kirchner.<\/p>\n<p>&nbsp;<\/p>\n<p>La propia senadora de Unidad Ciudadana le dio difusi\u00f3n inmediata a la campa\u00f1a a trav\u00e9s de las redes sociales.<\/p>\n<p>&nbsp;<\/p>\n<p>Pero ahora la iniciativa, que hab\u00eda arrancado como una campa\u00f1a en solitario del kirchnerismo duro, comenz\u00f3 a ramificarse y cobr\u00f3 especial impulso a partir de la adhesi\u00f3n del PJ bonaerense, un sello con capacidad para bajar territorialmente acciones a trav\u00e9s de toda la estructura de intendentes, concejales y dirigentes barriales que tiene bajo su ala.<\/p>\n","protected":false},"excerpt":{"rendered":"<p>La campa\u00f1a, que aspira a juntar un mill\u00f3n de firmas en dos meses, hab\u00eda sido inaugurada el 3 de enero por el Instituto Patria &nbsp; &nbsp; &nbsp; El Consejo Nacional del PJ, que encabeza Jos\u00e9 Luis Gioja, convoc\u00f3 a reunir firmas en todo el pa\u00eds contra la reforma previsional, convertida en ley el mes pasado. &nbsp; Lo hizo un d\u00eda despu\u00e9s de que el PJ bonaerense se sumara a una campa\u00f1a de recolecci\u00f3n de &#8220;un mill\u00f3n de firmas&#8221; iniciada por el kirchnerismo para derogar en el Congreso la reforma previsional&#8230;<\/p>\n","protected":false},"author":3,"featured_media":22169,"comment_status":"closed","ping_status":"closed","sticky":false,"template":"","format":"standard","meta":[],"categories":[18],"tags":[],"_links":{"self":[{"href":"https:\/\/www.actualidadadiario.com\/index.php\/wp-json\/wp\/v2\/posts\/22168"}],"collection":[{"href":"https:\/\/www.actualidadadiario.com\/index.php\/wp-json\/wp\/v2\/posts"}],"about":[{"href":"https:\/\/www.actualidadadiario.com\/index.php\/wp-json\/wp\/v2\/types\/post"}],"author":[{"embeddable":true,"href":"https:\/\/www.actualidadadiario.com\/index.php\/wp-json\/wp\/v2\/users\/3"}],"replies":[{"embeddable":true,"href":"https:\/\/www.actualidadadiario.com\/index.php\/wp-json\/wp\/v2\/comments?post=22168"}],"version-history":[{"count":1,"href":"https:\/\/www.actualidadadiario.com\/index.php\/wp-json\/wp\/v2\/posts\/22168\/revisions"}],"predecessor-version":[{"id":22170,"href":"https:\/\/www.actualidadadiario.com\/index.php\/wp-json\/wp\/v2\/posts\/22168\/revisions\/22170"}],"wp:featuredmedia":[{"embeddable":true,"href":"https:\/\/www.actualidadadiario.com\/index.php\/wp-json\/wp\/v2\/media\/22169"}],"wp:attachment":[{"href":"https:\/\/www.actualidadadiario.com\/index.php\/wp-json\/wp\/v2\/media?parent=22168"}],"wp:term":[{"taxonomy":"category","embeddable":true,"href":"https:\/\/www.actualidadadiario.com\/index.php\/wp-json\/wp\/v2\/categories?post=22168"},{"taxonomy":"post_tag","embeddable":true,"href":"https:\/\/www.actualidadadiario.com\/index.php\/wp-json\/wp\/v2\/tags?post=22168"}],"curies":[{"name":"wp","href":"https:\/\/api.w.org\/{rel}","templated":true}]}}