{"id":22165,"date":"2018-01-10T12:12:09","date_gmt":"2018-01-10T15:12:09","guid":{"rendered":"http:\/\/actualidadadiario.com\/site\/?p=22165"},"modified":"2018-11-06T19:52:47","modified_gmt":"2018-11-06T22:52:47","slug":"unas-300-000-hectareas-ya-se-quemaron-en-mendoza-y-en-la-pampa","status":"publish","type":"post","link":"https:\/\/www.actualidadadiario.com\/index.php\/2018\/01\/10\/unas-300-000-hectareas-ya-se-quemaron-en-mendoza-y-en-la-pampa\/","title":{"rendered":"Unas 300.000 hect\u00e1reas ya se quemaron en Mendoza y en La Pampa"},"content":{"rendered":"<p><em><strong>Los focos permanecen activos con disminuciones temporales en territorio mendocino aunque las autoridades estiman que llevar\u00e1 mucho tiempo extinguirlos mientras no var\u00eden las condiciones clim\u00e1ticas<\/strong><\/em><\/p>\n<p>&nbsp;<\/p>\n<p>&nbsp;<\/p>\n<p>&nbsp;<\/p>\n<p>Los incendios forestales que afectan unas 300.000 hect\u00e1reas en las provincias de Mendoza y de La Pampa permanecen activos con disminuciones temporarias en territorio mendocino aunque las autoridades estiman que llevar\u00e1 mucho tiempo extinguirlos mientras no var\u00eden las condiciones clim\u00e1ticas.<\/p>\n<p>&nbsp;<\/p>\n<p>&nbsp;<\/p>\n<p><strong>La Pampa<\/strong><\/p>\n<p>La situaci\u00f3n es m\u00e1s grave en La Pampa, donde los brigadistas pudieron sofocar las llamas cercanas a una torre de alta tensi\u00f3n en la zona de Puelches, en el sur oeste provincial, por lo que en forma paulatina volv\u00eda la energ\u00eda el\u00e9ctrica y el agua a zonas de Santa Rosa y otras localidades.<\/p>\n<p>&nbsp;<\/p>\n<p>Los cortes de luz y agua comenzaron ayer al desencadenarse una serie de focos que se tornaron incontrolables y afectaron unas 18.500 hect\u00e1reas del Parque Lihuel Cahlel.<\/p>\n<p>&nbsp;<\/p>\n<p>&nbsp;<\/p>\n<p><strong>Mendoza<\/strong><\/p>\n<p>En Mendoza se reactivaron dos focos en campos incultos en las localidades de Montecom\u00e1n y Soitu\u00e9, ambas cercanas a las ciudades de San rafael y General Alvear, en la zona sur de la provincia.<\/p>\n<p>&nbsp;<\/p>\n<p>Combat\u00eda las llamas personal del Plan Provincial de Manejo del Fuego (PPMF), bomberos voluntarios, particulares y una m\u00e1quina de vialidad provincial junto a aviones hidrantes. La intenci\u00f3n es evitar que el fuego llegue a las zonas perif\u00e9ricas de Monte Com\u00e1n, donde hay cultivos y vecinos que habitan en puestos.<\/p>\n","protected":false},"excerpt":{"rendered":"<p>Los focos permanecen activos con disminuciones temporales en territorio mendocino aunque las autoridades estiman que llevar\u00e1 mucho tiempo extinguirlos mientras no var\u00eden las condiciones clim\u00e1ticas &nbsp; &nbsp; &nbsp; Los incendios forestales que afectan unas 300.000 hect\u00e1reas en las provincias de Mendoza y de La Pampa permanecen activos con disminuciones temporarias en territorio mendocino aunque las autoridades estiman que llevar\u00e1 mucho tiempo extinguirlos mientras no var\u00eden las condiciones clim\u00e1ticas. &nbsp; &nbsp; La Pampa La situaci\u00f3n es m\u00e1s grave en La Pampa, donde los brigadistas pudieron sofocar las llamas cercanas a una&#8230;<\/p>\n","protected":false},"author":3,"featured_media":22166,"comment_status":"closed","ping_status":"closed","sticky":false,"template":"","format":"standard","meta":[],"categories":[2],"tags":[],"_links":{"self":[{"href":"https:\/\/www.actualidadadiario.com\/index.php\/wp-json\/wp\/v2\/posts\/22165"}],"collection":[{"href":"https:\/\/www.actualidadadiario.com\/index.php\/wp-json\/wp\/v2\/posts"}],"about":[{"href":"https:\/\/www.actualidadadiario.com\/index.php\/wp-json\/wp\/v2\/types\/post"}],"author":[{"embeddable":true,"href":"https:\/\/www.actualidadadiario.com\/index.php\/wp-json\/wp\/v2\/users\/3"}],"replies":[{"embeddable":true,"href":"https:\/\/www.actualidadadiario.com\/index.php\/wp-json\/wp\/v2\/comments?post=22165"}],"version-history":[{"count":1,"href":"https:\/\/www.actualidadadiario.com\/index.php\/wp-json\/wp\/v2\/posts\/22165\/revisions"}],"predecessor-version":[{"id":22167,"href":"https:\/\/www.actualidadadiario.com\/index.php\/wp-json\/wp\/v2\/posts\/22165\/revisions\/22167"}],"wp:featuredmedia":[{"embeddable":true,"href":"https:\/\/www.actualidadadiario.com\/index.php\/wp-json\/wp\/v2\/media\/22166"}],"wp:attachment":[{"href":"https:\/\/www.actualidadadiario.com\/index.php\/wp-json\/wp\/v2\/media?parent=22165"}],"wp:term":[{"taxonomy":"category","embeddable":true,"href":"https:\/\/www.actualidadadiario.com\/index.php\/wp-json\/wp\/v2\/categories?post=22165"},{"taxonomy":"post_tag","embeddable":true,"href":"https:\/\/www.actualidadadiario.com\/index.php\/wp-json\/wp\/v2\/tags?post=22165"}],"curies":[{"name":"wp","href":"https:\/\/api.w.org\/{rel}","templated":true}]}}