{"id":22162,"date":"2018-01-10T12:11:12","date_gmt":"2018-01-10T15:11:12","guid":{"rendered":"http:\/\/actualidadadiario.com\/site\/?p=22162"},"modified":"2018-11-06T19:51:31","modified_gmt":"2018-11-06T22:51:31","slug":"oficializan-designacion-del-nuevo-titular-de-la-anac","status":"publish","type":"post","link":"https:\/\/www.actualidadadiario.com\/index.php\/2018\/01\/10\/oficializan-designacion-del-nuevo-titular-de-la-anac\/","title":{"rendered":"Oficializan designaci\u00f3n del nuevo titular de la ANAC"},"content":{"rendered":"<p><em><strong>El Gobierno oficializ\u00f3 la designaci\u00f3n de Tom\u00e1s Insausti como titular de la Administraci\u00f3n Nacional de Aviaci\u00f3n Civil (ANAC), en reemplazo de Juan Pedro Irigoin, quien present\u00f3 su renuncia a mediados de diciembre \u00faltimo<\/strong><\/em><\/p>\n<p>&nbsp;<\/p>\n<p>&nbsp;<\/p>\n<p>&nbsp;<\/p>\n<p>&nbsp;<\/p>\n<p>El nombramiento fue formalizado a trav\u00e9s del decreto 21\/2018, publicado en el Bolet\u00edn Oficial con las firmas del presidente Mauricio Macri y el ministro de Transporte, Guillermo Dietrich, de quien depende el organismo que regular y fiscalizar la aviaci\u00f3n civil.<\/p>\n<p>&nbsp;<\/p>\n<p>En los considerandos, se remarca que la renuncia de Irigoin se hizo efectiva a partir del 1 de enero \u00faltimo y que Insausti &#8220;re\u00fane los requisitos necesarios conforme lo acreditan sus antecedentes t\u00e9cnicos y profesionales para el desempe\u00f1o del cargo a cubrir&#8221;.<\/p>\n<p>&nbsp;<\/p>\n<p>El nuevo jefe de la ANAC se desempe\u00f1aba desde julio como coordinador de la Direcci\u00f3n Nacional de Seguridad Operacional, Direcci\u00f3n Nacional de Inspecci\u00f3n de la Navegaci\u00f3n A\u00e9rea y la Direcci\u00f3n General de Infraestructura y Servicios Aeroportuarios del organismo.<\/p>\n<p>&nbsp;<\/p>\n<p>Insausti se desempe\u00f1a en el \u00e1mbito p\u00fablico desde 2011, dentro de la \u00f3rbita de la Ciudad, en el Ministerio de Ambiente y Espacio P\u00fablico. Es abogado y tiene una Maestr\u00eda en Administraci\u00f3n de Empresas, adem\u00e1s de ser piloto.<\/p>\n<p>&nbsp;<\/p>\n<p>Desde julio hasta diciembre de 2017 coordin\u00f3 en la ANAC las direcciones nacionales de Seguridad Operacional, de Inspecci\u00f3n de la Navegaci\u00f3n A\u00e9rea y de Infraestructura y Servicios Aeroportuarios. Anteriormente trabaj\u00f3 en el Organismo Regulador del Sistema Nacional de Aeropuertos (ORSNA) como Gerente de Operaciones y como Gerente de Asuntos Legales.<\/p>\n","protected":false},"excerpt":{"rendered":"<p>El Gobierno oficializ\u00f3 la designaci\u00f3n de Tom\u00e1s Insausti como titular de la Administraci\u00f3n Nacional de Aviaci\u00f3n Civil (ANAC), en reemplazo de Juan Pedro Irigoin, quien present\u00f3 su renuncia a mediados de diciembre \u00faltimo &nbsp; &nbsp; &nbsp; &nbsp; El nombramiento fue formalizado a trav\u00e9s del decreto 21\/2018, publicado en el Bolet\u00edn Oficial con las firmas del presidente Mauricio Macri y el ministro de Transporte, Guillermo Dietrich, de quien depende el organismo que regular y fiscalizar la aviaci\u00f3n civil. &nbsp; En los considerandos, se remarca que la renuncia de Irigoin se hizo&#8230;<\/p>\n","protected":false},"author":3,"featured_media":22163,"comment_status":"closed","ping_status":"closed","sticky":false,"template":"","format":"standard","meta":[],"categories":[2],"tags":[],"_links":{"self":[{"href":"https:\/\/www.actualidadadiario.com\/index.php\/wp-json\/wp\/v2\/posts\/22162"}],"collection":[{"href":"https:\/\/www.actualidadadiario.com\/index.php\/wp-json\/wp\/v2\/posts"}],"about":[{"href":"https:\/\/www.actualidadadiario.com\/index.php\/wp-json\/wp\/v2\/types\/post"}],"author":[{"embeddable":true,"href":"https:\/\/www.actualidadadiario.com\/index.php\/wp-json\/wp\/v2\/users\/3"}],"replies":[{"embeddable":true,"href":"https:\/\/www.actualidadadiario.com\/index.php\/wp-json\/wp\/v2\/comments?post=22162"}],"version-history":[{"count":1,"href":"https:\/\/www.actualidadadiario.com\/index.php\/wp-json\/wp\/v2\/posts\/22162\/revisions"}],"predecessor-version":[{"id":22164,"href":"https:\/\/www.actualidadadiario.com\/index.php\/wp-json\/wp\/v2\/posts\/22162\/revisions\/22164"}],"wp:featuredmedia":[{"embeddable":true,"href":"https:\/\/www.actualidadadiario.com\/index.php\/wp-json\/wp\/v2\/media\/22163"}],"wp:attachment":[{"href":"https:\/\/www.actualidadadiario.com\/index.php\/wp-json\/wp\/v2\/media?parent=22162"}],"wp:term":[{"taxonomy":"category","embeddable":true,"href":"https:\/\/www.actualidadadiario.com\/index.php\/wp-json\/wp\/v2\/categories?post=22162"},{"taxonomy":"post_tag","embeddable":true,"href":"https:\/\/www.actualidadadiario.com\/index.php\/wp-json\/wp\/v2\/tags?post=22162"}],"curies":[{"name":"wp","href":"https:\/\/api.w.org\/{rel}","templated":true}]}}