{"id":22146,"date":"2018-01-10T12:06:14","date_gmt":"2018-01-10T15:06:14","guid":{"rendered":"http:\/\/actualidadadiario.com\/site\/?p=22146"},"modified":"2018-11-06T19:48:24","modified_gmt":"2018-11-06T22:48:24","slug":"cresto-se-reunio-con-el-jefe-de-policia-para-abordar-el-tema-de-la-seguridad-en-concordia","status":"publish","type":"post","link":"https:\/\/www.actualidadadiario.com\/index.php\/2018\/01\/10\/cresto-se-reunio-con-el-jefe-de-policia-para-abordar-el-tema-de-la-seguridad-en-concordia\/","title":{"rendered":"Cresto se reuni\u00f3 con el Jefe de Polic\u00eda para abordar el tema de la seguridad en Concordia"},"content":{"rendered":"<p><em><strong>El intendente Enrique Cresto encabez\u00f3 una reuni\u00f3n junto al jefe Departamental de la Polic\u00eda, Den Daw, y el Fiscal General de Coordinaci\u00f3n, Jos\u00e9 Daniel Costa. Analizaron la puesta en marcha del Sistema de Videovigilancia que funciona en Concordia<\/strong><\/em><\/p>\n<p>&nbsp;<\/p>\n<p>&nbsp;<\/p>\n<p>&nbsp;<\/p>\n<p>&nbsp;<\/p>\n<p>Del encuentro, en el que participaron la asesora del Ejecutivo Municipal, Mar\u00eda de los \u00c1ngeles Petit, el director de Prevenci\u00f3n y Seguridad Ciudadana Diego Pasarello, y el Director de Electrot\u00e9cnia Andr\u00e9s Villalba, entre otros funcionarios municipales, se abordaron adem\u00e1s otras tem\u00e1ticas vinculadas a la seguridad en Concordia, los \u00faltimos hechos acontecidos y la necesidad de reforzar el trabajo articulado entre los distintos organismos.<\/p>\n<p>&nbsp;<\/p>\n<p>&#8220;El Intendente y el Jefe de la Polic\u00eda tienen la permanente predisposici\u00f3n para trabajar en conjunto en un tema que preocupa a todos&#8221;, se\u00f1al\u00f3 Pasarello al finalizar la reuni\u00f3n de trabajo.<\/p>\n<p>&nbsp;<\/p>\n<p>&#8220;Uno de los principales temas que se trat\u00f3 es el Sistema de Videovigilancia que instal\u00f3 el municipio y que ya se encuentra funcionando con efectivos policiales que monitorean permanentemente&#8221;, dijo.<\/p>\n<p>&nbsp;<\/p>\n<p>&#8220;Hoy tenemos m\u00e1s de 60 c\u00e1maras y domos instalados y grabando. Y est\u00e1 proyectado llegar a 89 en esta primera etapa. Pero tanto el intendente Cresto como el Comisario Den Daw coincidieron en que mientras avanzamos en la instalaci\u00f3n de las restantes c\u00e1maras, es importante revisar lo que hemos hecho hasta aqu\u00ed, para realizar los ajustes que deban hacerse al sistema, con el objetivo que sea lo m\u00e1s \u00f3ptimo posible y realmente \u00fatil al trabajo policial&#8221;, se\u00f1al\u00f3 el funcionario municipal.<\/p>\n<p>&nbsp;<\/p>\n<p>El proyecto inicialmente comenz\u00f3 con una inversi\u00f3n de siete millones de pesos que destin\u00f3 la Municipalidad de Concordia para la adquisici\u00f3n de las primeras c\u00e1maras, las computadores y otros elementos t\u00e9cnicos, y su instalaci\u00f3n es realizado por personal municipal aprovechando al fibra de red \u00f3ptica propia del municipio. Tras la puesta en marcha del programa, las gestiones de\u00a0 Cresto permitieron obtener financiamiento del Gobierno Nacional para la adquisici\u00f3n de nuevas c\u00e1maras que se est\u00e1n instalando como as\u00ed tambi\u00e9n el aporte de domos del Gobierno Provincial.<\/p>\n<p>&nbsp;<\/p>\n<p>Pasarello coment\u00f3 que &#8220;el Sistema ha permitido a la Polic\u00eda realizar investigaciones y el material ha sido aportado como prueba en casos que est\u00e1 investigando la Justicia, eso es muy bueno porque ha demostrado su utilidad&#8221;. Y precis\u00f3 que &#8220;por una cuesti\u00f3n de resguardo de la informaci\u00f3n, a\u00fan no se puede divulgar, por cuestiones estrictamente legales para preservar los elementos de prueba&#8221;.<\/p>\n<p>&nbsp;<\/p>\n<p>&nbsp;<\/p>\n<p><strong>Pol\u00edtica de Estado: trabajo en conjunto para fortalecer la seguridad<\/strong><\/p>\n<p>&#8220;A medida que vamos poniendo en pr\u00e1ctica este Sistema, que es novedoso en muchos aspectos, donde intervienen distintos niveles y organismos del Estado, el municipio, el gobierno provincial, la Polic\u00eda, la Justicia, y que es un trabajo articulado que no se suele ver en otras ciudades, van surgiendo diferentes aspectos que vamos perfeccionando con el aporte de cada parte&#8221;, sostuvo.<\/p>\n<p>&nbsp;<\/p>\n<p>As\u00ed, dijo que en la reuni\u00f3n se analizaron aspectos t\u00e9cnicos respecto al funcionamiento del Sistema y que &#8220;ahora se est\u00e1 elaborando lo que vendr\u00eda a ser el convenio entre la Municipalidad y el Gobierno Provincial, un comodato, para que legalmente queden establecidos el rol de cada organismo en este Sistema en conjunto. Un convenio que luego va a ser enviado al Concejo Deliberante para que lo analicen. Esto es importante, porque consolida un Sistema y una forma de trabajo m\u00e1s all\u00e1 de las autoridades de turno, establece una pol\u00edtica de Estado&#8221;, afirm\u00f3 el titular del \u00e1rea del Seguridad del Municipio.<\/p>\n<p>&nbsp;<\/p>\n<p>En este sentido, sostuvo que &#8220;si bien la seguridad no es un \u00e1rea de espec\u00edfica incumbencia del municipio, el intendente Cresto desde el primer d\u00eda tom\u00f3 la decisi\u00f3n de colaborar con la Polic\u00eda y con la Justicia, con los recursos humanos y t\u00e9cnicos municipales que sean posibles, porque es un tema complejo que debe ser abordado en forma integral&#8221;, dijo. &#8220;La seguridad es una de las demandas de la comunidad, y ocupa un lugar preponderante en la agenda del Intendente&#8221;, afirm\u00f3.<\/p>\n<p>&nbsp;<\/p>\n<p>&#8220;Por eso Petit ha estado coordinando este trabajo entre las distintas \u00e1reas del municipio y con las fuerzas de seguridad y la Justicia, que representa una nueva forma de trabajo, donde se prioriza atender la problem\u00e1tica y que cada organismo p\u00fablico disponga de los instrumentos con que cuenta para avanzar en una soluci\u00f3n en conjunto&#8221;, resalt\u00f3.<\/p>\n","protected":false},"excerpt":{"rendered":"<p>El intendente Enrique Cresto encabez\u00f3 una reuni\u00f3n junto al jefe Departamental de la Polic\u00eda, Den Daw, y el Fiscal General de Coordinaci\u00f3n, Jos\u00e9 Daniel Costa. Analizaron la puesta en marcha del Sistema de Videovigilancia que funciona en Concordia &nbsp; &nbsp; &nbsp; &nbsp; Del encuentro, en el que participaron la asesora del Ejecutivo Municipal, Mar\u00eda de los \u00c1ngeles Petit, el director de Prevenci\u00f3n y Seguridad Ciudadana Diego Pasarello, y el Director de Electrot\u00e9cnia Andr\u00e9s Villalba, entre otros funcionarios municipales, se abordaron adem\u00e1s otras tem\u00e1ticas vinculadas a la seguridad en Concordia, los&#8230;<\/p>\n","protected":false},"author":3,"featured_media":22147,"comment_status":"closed","ping_status":"closed","sticky":false,"template":"","format":"standard","meta":[],"categories":[15],"tags":[],"_links":{"self":[{"href":"https:\/\/www.actualidadadiario.com\/index.php\/wp-json\/wp\/v2\/posts\/22146"}],"collection":[{"href":"https:\/\/www.actualidadadiario.com\/index.php\/wp-json\/wp\/v2\/posts"}],"about":[{"href":"https:\/\/www.actualidadadiario.com\/index.php\/wp-json\/wp\/v2\/types\/post"}],"author":[{"embeddable":true,"href":"https:\/\/www.actualidadadiario.com\/index.php\/wp-json\/wp\/v2\/users\/3"}],"replies":[{"embeddable":true,"href":"https:\/\/www.actualidadadiario.com\/index.php\/wp-json\/wp\/v2\/comments?post=22146"}],"version-history":[{"count":1,"href":"https:\/\/www.actualidadadiario.com\/index.php\/wp-json\/wp\/v2\/posts\/22146\/revisions"}],"predecessor-version":[{"id":22148,"href":"https:\/\/www.actualidadadiario.com\/index.php\/wp-json\/wp\/v2\/posts\/22146\/revisions\/22148"}],"wp:featuredmedia":[{"embeddable":true,"href":"https:\/\/www.actualidadadiario.com\/index.php\/wp-json\/wp\/v2\/media\/22147"}],"wp:attachment":[{"href":"https:\/\/www.actualidadadiario.com\/index.php\/wp-json\/wp\/v2\/media?parent=22146"}],"wp:term":[{"taxonomy":"category","embeddable":true,"href":"https:\/\/www.actualidadadiario.com\/index.php\/wp-json\/wp\/v2\/categories?post=22146"},{"taxonomy":"post_tag","embeddable":true,"href":"https:\/\/www.actualidadadiario.com\/index.php\/wp-json\/wp\/v2\/tags?post=22146"}],"curies":[{"name":"wp","href":"https:\/\/api.w.org\/{rel}","templated":true}]}}