{"id":22143,"date":"2018-01-10T12:04:50","date_gmt":"2018-01-10T15:04:50","guid":{"rendered":"http:\/\/actualidadadiario.com\/site\/?p=22143"},"modified":"2018-11-06T19:47:16","modified_gmt":"2018-11-06T22:47:16","slug":"estamos-alertas-dijo-bordet-sobre-la-sequia","status":"publish","type":"post","link":"https:\/\/www.actualidadadiario.com\/index.php\/2018\/01\/10\/estamos-alertas-dijo-bordet-sobre-la-sequia\/","title":{"rendered":"&#8220;Estamos alertas&#8221;, dijo Bordet sobre la sequ\u00eda"},"content":{"rendered":"<p><em><strong>El gobernador Gustavo Bordet destac\u00f3 el v\u00ednculo que mantiene con las entidades agropecuarias y reafirm\u00f3 que, por las escasas precipitaciones registradas en la provincia, trabajan \u201cen conjunto y monitoreando la situaci\u00f3n\u201d. En contacto con la prensa local se refiri\u00f3 adem\u00e1s al nuevo esquema tributario<\/strong><\/em><\/p>\n<p>&nbsp;<\/p>\n<p>&nbsp;<\/p>\n<p>&nbsp;<\/p>\n<p>Ante la preocupaci\u00f3n de productores por la sequ\u00eda en Entre R\u00edos, el gobernador manifest\u00f3: &#8220;Estamos evaluando c\u00f3mo viene la situaci\u00f3n meteorol\u00f3gica y en permanente contacto con todas las entidades agropecuarias, con las que tenemos un excelente v\u00ednculo y una muy buena relaci\u00f3n. Trabajamos en conjunto y monitoreando esta situaci\u00f3n\u201d.<\/p>\n<p>&nbsp;<\/p>\n<p>\u201cEstamos alertas y a esto hay que hacerlo en conjunto, pero nuestra vocaci\u00f3n est\u00e1 siempre dispuesta a trabajar con los productores&#8221;, subray\u00f3 el mandatario entrerriano.<\/p>\n<p>&nbsp;<\/p>\n<p>&nbsp;<\/p>\n<p><strong>Alcances de la reforma tributaria<\/strong><\/p>\n<p>El gobernador, por otro lado, indic\u00f3 que en la provincia &#8220;la reforma tributaria se aplica con el calendario 2018, porque fue promulgada en diciembre la ley sancionada por la legislatura&#8221;.<\/p>\n<p>&nbsp;<\/p>\n<p>En ese sentido Bordet detall\u00f3 que &#8220;tiene m\u00faltiples beneficios en el sentido de que genera posibilidades de mayor desarrollo a los sectores productivos. Esto tiene que ver con algo que es muy importante porque no involucra s\u00f3lo a Entre R\u00edos, sino tambi\u00e9n a 23 jurisdicciones, y esto hace que se equiparen los impuestos provinciales en cuanto a topes\u201d. Y evalu\u00f3 que esto \u201ces muy bueno porque hay muchos productos entrerrianos que se vend\u00edan afuera y se les cobraba una tasa del cuatro o cinco por ciento, lo cual constitu\u00edan verdaderas barreras aduaneras interiores que distorsionaban el sistema impositivo de nuestra empresa carg\u00e1ndolo de m\u00e1s costos&#8221;.<\/p>\n<p>&nbsp;<\/p>\n<p>El mandatario apunt\u00f3 adem\u00e1s: \u201cEn Entre R\u00edos vamos a una reducci\u00f3n progresiva y paulatina de la Ley 4035, a una reducci\u00f3n progresiva y paulatina del impuesto al sello hasta llegar a cero, y tambi\u00e9n lo haremos con la industria y con producci\u00f3n agropecuaria para tratar de cumplir con lo que hemos comprometido, entendiendo que esto puede generar un mayor desarrollo y fundamentalmente atraer inversiones a nuestra provincia&#8221;.<\/p>\n<p>&nbsp;<\/p>\n<p>Asimismo Bordet resalt\u00f3 que \u201ces muy importante que puedan radicarse inversiones que transformen la materia prima que aqu\u00ed se produce y de esa forma genere empleo&#8221;.<\/p>\n<p>&nbsp;<\/p>\n<p>Finalmente el gobernador llev\u00f3 tranquilidad: \u201cEsta reforma si bien significa un alivio impositivo tampoco significa una p\u00e9rdida de recursos para la provincia de Entre R\u00edos, porque lo recuperamos justamente con los acuerdos coparticipables que firmamos en el consenso fiscal\u201d.<\/p>\n","protected":false},"excerpt":{"rendered":"<p>El gobernador Gustavo Bordet destac\u00f3 el v\u00ednculo que mantiene con las entidades agropecuarias y reafirm\u00f3 que, por las escasas precipitaciones registradas en la provincia, trabajan \u201cen conjunto y monitoreando la situaci\u00f3n\u201d. En contacto con la prensa local se refiri\u00f3 adem\u00e1s al nuevo esquema tributario &nbsp; &nbsp; &nbsp; Ante la preocupaci\u00f3n de productores por la sequ\u00eda en Entre R\u00edos, el gobernador manifest\u00f3: &#8220;Estamos evaluando c\u00f3mo viene la situaci\u00f3n meteorol\u00f3gica y en permanente contacto con todas las entidades agropecuarias, con las que tenemos un excelente v\u00ednculo y una muy buena relaci\u00f3n. Trabajamos&#8230;<\/p>\n","protected":false},"author":3,"featured_media":22144,"comment_status":"closed","ping_status":"closed","sticky":false,"template":"","format":"standard","meta":[],"categories":[15],"tags":[],"_links":{"self":[{"href":"https:\/\/www.actualidadadiario.com\/index.php\/wp-json\/wp\/v2\/posts\/22143"}],"collection":[{"href":"https:\/\/www.actualidadadiario.com\/index.php\/wp-json\/wp\/v2\/posts"}],"about":[{"href":"https:\/\/www.actualidadadiario.com\/index.php\/wp-json\/wp\/v2\/types\/post"}],"author":[{"embeddable":true,"href":"https:\/\/www.actualidadadiario.com\/index.php\/wp-json\/wp\/v2\/users\/3"}],"replies":[{"embeddable":true,"href":"https:\/\/www.actualidadadiario.com\/index.php\/wp-json\/wp\/v2\/comments?post=22143"}],"version-history":[{"count":1,"href":"https:\/\/www.actualidadadiario.com\/index.php\/wp-json\/wp\/v2\/posts\/22143\/revisions"}],"predecessor-version":[{"id":22145,"href":"https:\/\/www.actualidadadiario.com\/index.php\/wp-json\/wp\/v2\/posts\/22143\/revisions\/22145"}],"wp:featuredmedia":[{"embeddable":true,"href":"https:\/\/www.actualidadadiario.com\/index.php\/wp-json\/wp\/v2\/media\/22144"}],"wp:attachment":[{"href":"https:\/\/www.actualidadadiario.com\/index.php\/wp-json\/wp\/v2\/media?parent=22143"}],"wp:term":[{"taxonomy":"category","embeddable":true,"href":"https:\/\/www.actualidadadiario.com\/index.php\/wp-json\/wp\/v2\/categories?post=22143"},{"taxonomy":"post_tag","embeddable":true,"href":"https:\/\/www.actualidadadiario.com\/index.php\/wp-json\/wp\/v2\/tags?post=22143"}],"curies":[{"name":"wp","href":"https:\/\/api.w.org\/{rel}","templated":true}]}}