{"id":22137,"date":"2018-01-10T12:03:03","date_gmt":"2018-01-10T15:03:03","guid":{"rendered":"http:\/\/actualidadadiario.com\/site\/?p=22137"},"modified":"2018-11-06T19:47:56","modified_gmt":"2018-11-06T22:47:56","slug":"bordet-entrego-un-generador-de-energia-para-atender-emergencias-en-el-norte-entrerriano","status":"publish","type":"post","link":"https:\/\/www.actualidadadiario.com\/index.php\/2018\/01\/10\/bordet-entrego-un-generador-de-energia-para-atender-emergencias-en-el-norte-entrerriano\/","title":{"rendered":"Bordet entreg\u00f3 un generador de energ\u00eda para atender emergencias en el norte entrerriano"},"content":{"rendered":"<p><em><strong>En el marco de la pol\u00edtica de descentralizci\u00f3n de recursos de Defensa Civil que lleva adelante la provincia, el gobernador Gustavo Bordet entreg\u00f3 este martes un generador de energ\u00eda para atender situaciones de emergencia en el norte entrerriano. Tambi\u00e9n otorg\u00f3 herramientas a juntas de gobierno<\/strong><\/em><\/p>\n<p>&nbsp;<\/p>\n<p>&nbsp;<\/p>\n<p>&nbsp;<\/p>\n<p>En plaza Mansilla, junto al vicegobernador Ad\u00e1n Bahl, el mandatario hizo entrega de los elementos. &#8220;Se trata de un grupo electr\u00f3geno de alta capacidad para actuar en emergencias. Est\u00e1 destinado en comodato al municipio de Feliciano, pero tendr\u00e1 injerencia en todo el norte entrerriano. Podr\u00e1 ser derivado a otras ciudades, peque\u00f1as localidades y juntas de gobierno que lo necesiten&#8221;, detall\u00f3 el mandatario.<\/p>\n<p>&nbsp;<\/p>\n<p>Record\u00f3 luego que, &#8220;a instancia de la ministra de Gobierno, Rosario Romero, se entreg\u00f3 otro grupo de similares caracter\u00edsticas en la localidad de Ibicuy, en el sur de la provincia, para tener alternativas ante una crisis energ\u00e9tica de poder trabajar r\u00e1pidamente&#8221;.<\/p>\n<p>&nbsp;<\/p>\n<p>&#8220;Esto significa descentralizar los recursos que existen en Defensa Civil en el territorio, para que puedan prestar un uso continuo y constante cuando se lo requiera; ante una emergencia, autom\u00e1ticamente la provincia proceder\u00e1 el traslado del equipo al lugar donde se de esta situaci\u00f3n&#8221;, precis\u00f3.<\/p>\n<p>&nbsp;<\/p>\n<p>Luego mencion\u00f3 que &#8220;hay otros elementos que est\u00e1n destinados a juntas de gobierno para trabajar fuertemente en esta temporada estival para mantener la limpieza en esas zonas rurales, donde siempre es bueno llegar con recursos, sobre todo en los lugares m\u00e1s alejados de la provincia. B\u00e1sicamente es redistribuir distintos elementos y recursos en todo el territorio para llegar con mayor celeridad ante situaciones de emergencia&#8221;, remarc\u00f3.<\/p>\n<p>&nbsp;<\/p>\n<p>&nbsp;<\/p>\n<p><strong>Agenda de trabajo 2018<\/strong><\/p>\n<p>En otro orden, el gobernador se\u00f1al\u00f3 que, iniciado el 2018, &#8220;vamos a continuar con la agenda de trabajo que ven\u00edamos desarrollando. Tenemos una agenda continuada desde diciembre, y en enero no se va a detener por el receso&#8221;.<\/p>\n<p>&nbsp;<\/p>\n<p>En ese marco, adelant\u00f3 que el pr\u00f3ximo 17 de enero &#8220;se abrir\u00e1n los sobres de la planta de agua de La Paz y firmaremos el contrato de obra de la escuela t\u00e9cnica de esa ciudad, que entre las dos suman 154 millones de pesos&#8221;.<\/p>\n<p>&nbsp;<\/p>\n<p>\u201cTambi\u00e9n tenemos otras licitaciones en marcha que involucran a municipios como Villaguay y Nogoy\u00e1, que tienen que ver con obras de infraestructura que no se detienen en el receso; as\u00ed que hay una agenda intensa de trabajo, donde vamos a estar recorriendo muchos lugares y preparando todo para que podamos ejecutar el presupuesto 2018, que fue aprobado por ambas c\u00e1maras por unanimidad, tanto en general como en particular&#8221;.<\/p>\n<p>&nbsp;<\/p>\n<p>En la entrega de los elementos tambi\u00e9n estuvieron presentes los ministros de Gobierno, Rosario Romero; de Econom\u00eda, Hugo Ballay; y de Desarrollo Social, Laura Stratta; adem\u00e1s de la intendenta de Feliciano, Silvia Moreno; y el viceintendente de Federal, Rub\u00e9n Wetzer; los diputados Juan Carlos Darrich\u00f3n y Esther Gonz\u00e1lez; y las senadoras Nancy Miranda y Miriam Espinoza.<\/p>\n<p>&nbsp;<\/p>\n<p>En la oportunidad, recibieron motosierras los presidentes de las juntas de gobierno del departamento Federal: Hugo Rivarola, de Nueva Vizcaya, y Juan Cruz Borras, de El Cimarr\u00f3n; del departamento Diamante: Hugo Ram\u00edrez, de Las Cuevas, y Teresa Sol\u00eds, de Aldea Brasilera; y del departamento Victoria: Roque Torroglosa, de Rinc\u00f3n del Doll; Francisco Aguirre, de Rinc\u00f3n de Nogoy\u00e1; Samuel Garcilazo, de Pajonal, y Luis Omar, de Laguna del Pescado.<\/p>\n<p>&nbsp;<\/p>\n<p>&nbsp;<\/p>\n<p><strong>El equipo<\/strong><\/p>\n<p>El grupo electr\u00f3geno entregado es de marca Crasm con motor SPT Industrial, de cuatro tiempos, enfriado por agua y con regulador de velocidad mec\u00e1nico. Ser\u00e1 destinado a los departamentos Feliciano y Federal, con sede en el municipio de Feliciano pero con comodato compartido y abierto a las demandas de juntas de gobierno, para atender situaciones de emergencia en el norte entrerriano ante eventuales cortes de energ\u00eda.<\/p>\n<p>&nbsp;<\/p>\n<p>Adem\u00e1s se entregaron ocho motosierras marca Stilh para juntas de gobierno de los departamentos Federal, Diamante y Victoria.<\/p>\n","protected":false},"excerpt":{"rendered":"<p>En el marco de la pol\u00edtica de descentralizci\u00f3n de recursos de Defensa Civil que lleva adelante la provincia, el gobernador Gustavo Bordet entreg\u00f3 este martes un generador de energ\u00eda para atender situaciones de emergencia en el norte entrerriano. Tambi\u00e9n otorg\u00f3 herramientas a juntas de gobierno &nbsp; &nbsp; &nbsp; En plaza Mansilla, junto al vicegobernador Ad\u00e1n Bahl, el mandatario hizo entrega de los elementos. &#8220;Se trata de un grupo electr\u00f3geno de alta capacidad para actuar en emergencias. Est\u00e1 destinado en comodato al municipio de Feliciano, pero tendr\u00e1 injerencia en todo el&#8230;<\/p>\n","protected":false},"author":3,"featured_media":22138,"comment_status":"closed","ping_status":"closed","sticky":false,"template":"","format":"standard","meta":[],"categories":[9,15],"tags":[],"_links":{"self":[{"href":"https:\/\/www.actualidadadiario.com\/index.php\/wp-json\/wp\/v2\/posts\/22137"}],"collection":[{"href":"https:\/\/www.actualidadadiario.com\/index.php\/wp-json\/wp\/v2\/posts"}],"about":[{"href":"https:\/\/www.actualidadadiario.com\/index.php\/wp-json\/wp\/v2\/types\/post"}],"author":[{"embeddable":true,"href":"https:\/\/www.actualidadadiario.com\/index.php\/wp-json\/wp\/v2\/users\/3"}],"replies":[{"embeddable":true,"href":"https:\/\/www.actualidadadiario.com\/index.php\/wp-json\/wp\/v2\/comments?post=22137"}],"version-history":[{"count":1,"href":"https:\/\/www.actualidadadiario.com\/index.php\/wp-json\/wp\/v2\/posts\/22137\/revisions"}],"predecessor-version":[{"id":22139,"href":"https:\/\/www.actualidadadiario.com\/index.php\/wp-json\/wp\/v2\/posts\/22137\/revisions\/22139"}],"wp:featuredmedia":[{"embeddable":true,"href":"https:\/\/www.actualidadadiario.com\/index.php\/wp-json\/wp\/v2\/media\/22138"}],"wp:attachment":[{"href":"https:\/\/www.actualidadadiario.com\/index.php\/wp-json\/wp\/v2\/media?parent=22137"}],"wp:term":[{"taxonomy":"category","embeddable":true,"href":"https:\/\/www.actualidadadiario.com\/index.php\/wp-json\/wp\/v2\/categories?post=22137"},{"taxonomy":"post_tag","embeddable":true,"href":"https:\/\/www.actualidadadiario.com\/index.php\/wp-json\/wp\/v2\/tags?post=22137"}],"curies":[{"name":"wp","href":"https:\/\/api.w.org\/{rel}","templated":true}]}}