{"id":22131,"date":"2018-01-10T12:01:20","date_gmt":"2018-01-10T15:01:20","guid":{"rendered":"http:\/\/actualidadadiario.com\/site\/?p=22131"},"modified":"2018-11-06T19:50:27","modified_gmt":"2018-11-06T22:50:27","slug":"la-justicia-confirma-la-prision-preventiva-de-nahir-galarza","status":"publish","type":"post","link":"https:\/\/www.actualidadadiario.com\/index.php\/2018\/01\/10\/la-justicia-confirma-la-prision-preventiva-de-nahir-galarza\/","title":{"rendered":"La Justicia confirma la prisi\u00f3n preventiva de Nahir Galarza"},"content":{"rendered":"<p><em><strong>Sus abogados volvieron a apelar este martes la prisi\u00f3n preventiva de la joven que confes\u00f3 el crimen de su ex novio<\/strong><\/em><\/p>\n<p>&nbsp;<\/p>\n<p>&nbsp;<\/p>\n<p>&nbsp;<\/p>\n<p>La C\u00e1mara de Apelaciones de Gualeguay confirm\u00f3 este martes la prisi\u00f3n preventiva de Nahir Galarza, la joven que confes\u00f3 el crimen de su ex novio.<\/p>\n<p>&nbsp;<\/p>\n<p>La data de la tragedia es el 29 de diciembre del a\u00f1o pasado.<\/p>\n<p>&nbsp;<\/p>\n<p>El hecho ocurri\u00f3 en Gualeguaych\u00fa, provincia de Entre R\u00edos.<\/p>\n<p>&nbsp;<\/p>\n<p>Ahora la joven seguir\u00e1 detenida por 60 d\u00edas.<\/p>\n<p>&nbsp;<\/p>\n<p>As\u00ed lo resolvi\u00f3 el tribunal tras la audiencia realizada este martes, con la presencia de la acusada, en la que sus abogados defensores apelaron la prisi\u00f3n preventiva.<\/p>\n","protected":false},"excerpt":{"rendered":"<p>Sus abogados volvieron a apelar este martes la prisi\u00f3n preventiva de la joven que confes\u00f3 el crimen de su ex novio &nbsp; &nbsp; &nbsp; La C\u00e1mara de Apelaciones de Gualeguay confirm\u00f3 este martes la prisi\u00f3n preventiva de Nahir Galarza, la joven que confes\u00f3 el crimen de su ex novio. &nbsp; La data de la tragedia es el 29 de diciembre del a\u00f1o pasado. &nbsp; El hecho ocurri\u00f3 en Gualeguaych\u00fa, provincia de Entre R\u00edos. &nbsp; Ahora la joven seguir\u00e1 detenida por 60 d\u00edas. &nbsp; As\u00ed lo resolvi\u00f3 el tribunal tras la&#8230;<\/p>\n","protected":false},"author":3,"featured_media":22132,"comment_status":"closed","ping_status":"closed","sticky":false,"template":"","format":"standard","meta":[],"categories":[15],"tags":[],"_links":{"self":[{"href":"https:\/\/www.actualidadadiario.com\/index.php\/wp-json\/wp\/v2\/posts\/22131"}],"collection":[{"href":"https:\/\/www.actualidadadiario.com\/index.php\/wp-json\/wp\/v2\/posts"}],"about":[{"href":"https:\/\/www.actualidadadiario.com\/index.php\/wp-json\/wp\/v2\/types\/post"}],"author":[{"embeddable":true,"href":"https:\/\/www.actualidadadiario.com\/index.php\/wp-json\/wp\/v2\/users\/3"}],"replies":[{"embeddable":true,"href":"https:\/\/www.actualidadadiario.com\/index.php\/wp-json\/wp\/v2\/comments?post=22131"}],"version-history":[{"count":1,"href":"https:\/\/www.actualidadadiario.com\/index.php\/wp-json\/wp\/v2\/posts\/22131\/revisions"}],"predecessor-version":[{"id":22133,"href":"https:\/\/www.actualidadadiario.com\/index.php\/wp-json\/wp\/v2\/posts\/22131\/revisions\/22133"}],"wp:featuredmedia":[{"embeddable":true,"href":"https:\/\/www.actualidadadiario.com\/index.php\/wp-json\/wp\/v2\/media\/22132"}],"wp:attachment":[{"href":"https:\/\/www.actualidadadiario.com\/index.php\/wp-json\/wp\/v2\/media?parent=22131"}],"wp:term":[{"taxonomy":"category","embeddable":true,"href":"https:\/\/www.actualidadadiario.com\/index.php\/wp-json\/wp\/v2\/categories?post=22131"},{"taxonomy":"post_tag","embeddable":true,"href":"https:\/\/www.actualidadadiario.com\/index.php\/wp-json\/wp\/v2\/tags?post=22131"}],"curies":[{"name":"wp","href":"https:\/\/api.w.org\/{rel}","templated":true}]}}