{"id":22125,"date":"2018-01-09T12:52:39","date_gmt":"2018-01-09T15:52:39","guid":{"rendered":"http:\/\/actualidadadiario.com\/site\/?p=22125"},"modified":"2018-11-06T19:52:24","modified_gmt":"2018-11-06T22:52:24","slug":"sin-examen-psiquiatrico-donald-trump-se-hara-su-revision-medica-anual","status":"publish","type":"post","link":"https:\/\/www.actualidadadiario.com\/index.php\/2018\/01\/09\/sin-examen-psiquiatrico-donald-trump-se-hara-su-revision-medica-anual\/","title":{"rendered":"Sin examen psiqui\u00e1trico, Donald Trump se har\u00e1 su revisi\u00f3n m\u00e9dica anual"},"content":{"rendered":"<p><em><strong>Lo anunci\u00f3 la Casa Blanca. La oposici\u00f3n cuestiona su estado mental<\/strong><\/em><\/p>\n<p>&nbsp;<\/p>\n<p>&nbsp;<\/p>\n<p>&nbsp;<\/p>\n<p>&nbsp;<\/p>\n<p>El examen m\u00e9dico al que se someter\u00e1 el fin de semana el presidente de Estados Unidos, Donald Trump, no comprender\u00e1 una revisi\u00f3n psiqui\u00e1trica. As\u00ed lo confirm\u00f3 la Casa Blanca, en momentos en que la oposici\u00f3n duda abiertamente sobre su salud mental.<\/p>\n<p>&nbsp;<\/p>\n<p>&#8220;No&#8221;, se limit\u00f3 a responder Hogan Gidley, vocero del Ejecutivo estadounidense a bordo del Air Force One. &#8220;Est\u00e1 chispeante como un rayo&#8221;, agreg\u00f3.<\/p>\n<p>&nbsp;<\/p>\n<p>De 71 a\u00f1os, el mandatario estadounidense ser\u00e1 examinado el viernes en el hospital militar de Walter Reed, en la cercana periferia de Washington, y los resultados de los an\u00e1lisis ser\u00e1n difundidos p\u00fablicamente, se\u00f1al\u00f3 la Casa Blanca.<\/p>\n<p>&nbsp;<\/p>\n<p>Durante la campa\u00f1a electoral de 2016, Trump hab\u00eda publicado un correo de su m\u00e9dico, Harold Bornstein, en el cual se establec\u00eda su &#8220;excelente estado&#8221; de salud.<\/p>\n<p>&nbsp;<\/p>\n<p>El mismo especialista hab\u00eda asegurado a fines de 2015 que si Trump resultaba ganador en las elecciones presidenciales, iba a ser &#8220;el individuo m\u00e1s sano nunca antes&#8221; electo para llegar a la Casa Blanca.<\/p>\n<p>&nbsp;<\/p>\n<p>Al reaccionar a la publicaci\u00f3n de un libro de gran \u00e9xito editorial en el que se cuestiona su estado mental y su capacidad para gobernar, Trump autoelogi\u00f3 en Twitter la semana pasada sus facultades intelectuales y se calific\u00f3 como &#8220;un genio muy estable&#8221;.<\/p>\n","protected":false},"excerpt":{"rendered":"<p>Lo anunci\u00f3 la Casa Blanca. La oposici\u00f3n cuestiona su estado mental &nbsp; &nbsp; &nbsp; &nbsp; El examen m\u00e9dico al que se someter\u00e1 el fin de semana el presidente de Estados Unidos, Donald Trump, no comprender\u00e1 una revisi\u00f3n psiqui\u00e1trica. As\u00ed lo confirm\u00f3 la Casa Blanca, en momentos en que la oposici\u00f3n duda abiertamente sobre su salud mental. &nbsp; &#8220;No&#8221;, se limit\u00f3 a responder Hogan Gidley, vocero del Ejecutivo estadounidense a bordo del Air Force One. &#8220;Est\u00e1 chispeante como un rayo&#8221;, agreg\u00f3. &nbsp; De 71 a\u00f1os, el mandatario estadounidense ser\u00e1 examinado el&#8230;<\/p>\n","protected":false},"author":3,"featured_media":22126,"comment_status":"closed","ping_status":"closed","sticky":false,"template":"","format":"standard","meta":[],"categories":[4],"tags":[],"_links":{"self":[{"href":"https:\/\/www.actualidadadiario.com\/index.php\/wp-json\/wp\/v2\/posts\/22125"}],"collection":[{"href":"https:\/\/www.actualidadadiario.com\/index.php\/wp-json\/wp\/v2\/posts"}],"about":[{"href":"https:\/\/www.actualidadadiario.com\/index.php\/wp-json\/wp\/v2\/types\/post"}],"author":[{"embeddable":true,"href":"https:\/\/www.actualidadadiario.com\/index.php\/wp-json\/wp\/v2\/users\/3"}],"replies":[{"embeddable":true,"href":"https:\/\/www.actualidadadiario.com\/index.php\/wp-json\/wp\/v2\/comments?post=22125"}],"version-history":[{"count":1,"href":"https:\/\/www.actualidadadiario.com\/index.php\/wp-json\/wp\/v2\/posts\/22125\/revisions"}],"predecessor-version":[{"id":22127,"href":"https:\/\/www.actualidadadiario.com\/index.php\/wp-json\/wp\/v2\/posts\/22125\/revisions\/22127"}],"wp:featuredmedia":[{"embeddable":true,"href":"https:\/\/www.actualidadadiario.com\/index.php\/wp-json\/wp\/v2\/media\/22126"}],"wp:attachment":[{"href":"https:\/\/www.actualidadadiario.com\/index.php\/wp-json\/wp\/v2\/media?parent=22125"}],"wp:term":[{"taxonomy":"category","embeddable":true,"href":"https:\/\/www.actualidadadiario.com\/index.php\/wp-json\/wp\/v2\/categories?post=22125"},{"taxonomy":"post_tag","embeddable":true,"href":"https:\/\/www.actualidadadiario.com\/index.php\/wp-json\/wp\/v2\/tags?post=22125"}],"curies":[{"name":"wp","href":"https:\/\/api.w.org\/{rel}","templated":true}]}}