{"id":22122,"date":"2018-01-09T12:51:54","date_gmt":"2018-01-09T15:51:54","guid":{"rendered":"http:\/\/actualidadadiario.com\/site\/?p=22122"},"modified":"2018-11-06T19:51:26","modified_gmt":"2018-11-06T22:51:26","slug":"nueva-senal-de-distension-entre-las-dos-coreas-anunciaron-que-reabriran-su-linea-roja-militar","status":"publish","type":"post","link":"https:\/\/www.actualidadadiario.com\/index.php\/2018\/01\/09\/nueva-senal-de-distension-entre-las-dos-coreas-anunciaron-que-reabriran-su-linea-roja-militar\/","title":{"rendered":"Nueva se\u00f1al de distensi\u00f3n entre las dos Coreas: anunciaron que reabrir\u00e1n su &#8220;l\u00ednea roja&#8221; militar"},"content":{"rendered":"<p><em><strong>Las dos Coreas decidieron reabrir la &#8220;l\u00ednea roja&#8221; de comunicaci\u00f3n militar, mientras Pyongyang anunci\u00f3 el env\u00edo de una delegaci\u00f3n a los juegos ol\u00edmpicos invernales de PyeongChang, en una ronda de di\u00e1logo mantenida en una zona fronteriza<\/strong><\/em><\/p>\n<p>&nbsp;<\/p>\n<p>&nbsp;<\/p>\n<p>&nbsp;<\/p>\n<p>&nbsp;<\/p>\n<p>La reapertura de la &#8220;l\u00ednea roja&#8221; militar es una de las medidas pedidas por Se\u00fal en el marco del di\u00e1logo de alto nivel celebrado en la localidad fronteriza de Panmunjom con el fin de desterrar o limitar &#8220;posibles errores de evaluaci\u00f3n&#8221;.<\/p>\n<p>&nbsp;<\/p>\n<p>La &#8220;l\u00ednea roja&#8221; de comunicaci\u00f3n militar entre ambas Coreas, suspendida desde hace unos dos a\u00f1os, ser\u00e1 reabierta este mi\u00e9rcoles, seg\u00fan la BBC.<\/p>\n<p>&nbsp;<\/p>\n<p>Adem\u00e1s, en el marco de los coloquios, Corea del Norte decidi\u00f3 enviar una delegaci\u00f3n de &#8220;alto nivel&#8221; a las pr\u00f3ximas Olimp\u00edadas invernales de PyeongChang.<\/p>\n<p>&nbsp;<\/p>\n<p>En la delegaci\u00f3n, seg\u00fan inform\u00f3 Se\u00fal, habr\u00e1 atletas, simpatizantes, grupos art\u00edsticos, equipos de taekwondo (arte marcial coreano) y funcionarios.<\/p>\n<p>&nbsp;<\/p>\n<p>Corea del Sur incluso ofreci\u00f3 que delegaciones de ambos equipos desfilen juntos en la ceremonia de apertura y clausura de los juegos.<\/p>\n<p>&nbsp;<\/p>\n<p>La propuesta fue presentada en la sesi\u00f3n matinal de di\u00e1logo entre ambas Coreas.<\/p>\n<p>&nbsp;<\/p>\n<p>En tanto, Se\u00fal ofreci\u00f3 reiniciar las discusiones con la supervisi\u00f3n de la Cruz Roja sobre las reuniones de las familias separadas por la guerra (1950-53) en torno a la fiesta del A\u00f1o Nuevo Lunar de febrero, explic\u00f3 el viceministro de la Unificaci\u00f3n, Chun Hae-sung.<\/p>\n","protected":false},"excerpt":{"rendered":"<p>Las dos Coreas decidieron reabrir la &#8220;l\u00ednea roja&#8221; de comunicaci\u00f3n militar, mientras Pyongyang anunci\u00f3 el env\u00edo de una delegaci\u00f3n a los juegos ol\u00edmpicos invernales de PyeongChang, en una ronda de di\u00e1logo mantenida en una zona fronteriza &nbsp; &nbsp; &nbsp; &nbsp; La reapertura de la &#8220;l\u00ednea roja&#8221; militar es una de las medidas pedidas por Se\u00fal en el marco del di\u00e1logo de alto nivel celebrado en la localidad fronteriza de Panmunjom con el fin de desterrar o limitar &#8220;posibles errores de evaluaci\u00f3n&#8221;. &nbsp; La &#8220;l\u00ednea roja&#8221; de comunicaci\u00f3n militar entre ambas&#8230;<\/p>\n","protected":false},"author":3,"featured_media":22123,"comment_status":"closed","ping_status":"closed","sticky":false,"template":"","format":"standard","meta":[],"categories":[4],"tags":[],"_links":{"self":[{"href":"https:\/\/www.actualidadadiario.com\/index.php\/wp-json\/wp\/v2\/posts\/22122"}],"collection":[{"href":"https:\/\/www.actualidadadiario.com\/index.php\/wp-json\/wp\/v2\/posts"}],"about":[{"href":"https:\/\/www.actualidadadiario.com\/index.php\/wp-json\/wp\/v2\/types\/post"}],"author":[{"embeddable":true,"href":"https:\/\/www.actualidadadiario.com\/index.php\/wp-json\/wp\/v2\/users\/3"}],"replies":[{"embeddable":true,"href":"https:\/\/www.actualidadadiario.com\/index.php\/wp-json\/wp\/v2\/comments?post=22122"}],"version-history":[{"count":1,"href":"https:\/\/www.actualidadadiario.com\/index.php\/wp-json\/wp\/v2\/posts\/22122\/revisions"}],"predecessor-version":[{"id":22124,"href":"https:\/\/www.actualidadadiario.com\/index.php\/wp-json\/wp\/v2\/posts\/22122\/revisions\/22124"}],"wp:featuredmedia":[{"embeddable":true,"href":"https:\/\/www.actualidadadiario.com\/index.php\/wp-json\/wp\/v2\/media\/22123"}],"wp:attachment":[{"href":"https:\/\/www.actualidadadiario.com\/index.php\/wp-json\/wp\/v2\/media?parent=22122"}],"wp:term":[{"taxonomy":"category","embeddable":true,"href":"https:\/\/www.actualidadadiario.com\/index.php\/wp-json\/wp\/v2\/categories?post=22122"},{"taxonomy":"post_tag","embeddable":true,"href":"https:\/\/www.actualidadadiario.com\/index.php\/wp-json\/wp\/v2\/tags?post=22122"}],"curies":[{"name":"wp","href":"https:\/\/api.w.org\/{rel}","templated":true}]}}