{"id":22119,"date":"2018-01-09T12:49:15","date_gmt":"2018-01-09T15:49:15","guid":{"rendered":"http:\/\/actualidadadiario.com\/site\/?p=22119"},"modified":"2018-11-06T19:52:33","modified_gmt":"2018-11-06T22:52:33","slug":"todo-listo-para-la-llegada-del-papa-francisco-a-chile","status":"publish","type":"post","link":"https:\/\/www.actualidadadiario.com\/index.php\/2018\/01\/09\/todo-listo-para-la-llegada-del-papa-francisco-a-chile\/","title":{"rendered":"Todo listo para la llegada del Papa Francisco a Chile"},"content":{"rendered":"<p><em><strong>El Sumo Pont\u00edfice arribar\u00e1 al pa\u00eds trasandino el 15 de enero y permanecer\u00e1 all\u00ed durante tres d\u00edas. Se espera que m\u00e1s de un mill\u00f3n de fieles asistan a las misas que ofrecer\u00e1<\/strong><\/em><\/p>\n<p>&nbsp;<\/p>\n<p>&nbsp;<\/p>\n<p>&nbsp;<\/p>\n<p>A una semana de la llegada del papa Francisco a Chile, el pa\u00eds trasandino ultima detalles sobre las ceremonias y la vestimenta que utilizar\u00e1 el religioso en su visita de tres d\u00edas, en la que se espera que m\u00e1s de un mill\u00f3n de fieles asistan a las misas masivas.<\/p>\n<p>&nbsp;<\/p>\n<p>El lunes, la Comisi\u00f3n organizadora present\u00f3 las t\u00fanicas, estolas y mitras que utilizar\u00e1n los cerca de 1.500 obispos y sacerdotes que acompa\u00f1ar\u00e1n al papa en las misas que se realizar\u00e1n en las ciudades de Santiago, Temuco (sur) e Iquique (norte), seg\u00fan consign\u00f3 la agencia AFP.<\/p>\n<p>&nbsp;<\/p>\n<p>Las t\u00fanicas o &#8216;casullas&#8217; que llevar\u00e1 Francisco en las tres liturgias no fueron sin embargo exhibidas a la prensa, ya que se guardan celosamente hasta el d\u00eda en que las use el pont\u00edfice. En simult\u00e1neo, el Gobierno reforzaba la seguridad en los pasos fronterizos ante la esperada llegada masiva de feligreses y las calles de Santiago comenzaban a palpitar el arribo del pont\u00edfice con puestos de venta callejeros en los que se pod\u00edan adquirir desde almohadones con la cara de Su Santidad hasta portallaves con frases religiosas.<\/p>\n<p>&nbsp;<\/p>\n<p>Para cada una de las misas, cinco dise\u00f1adores chilenos confeccionaron durante cuatro meses tres tipos de sotanas de algod\u00f3n, que llevan estampada la &#8216;cruz andina&#8217;. En el centro de la prenda, se incorpor\u00f3 una franja horizontal de color marr\u00f3n para la ceremonia en Iquique, verde para la liturgia en Santiago y rojo para la de Temuco. En esta franja se estamparon s\u00edmbolos representativos de cada una de las regiones como petroglifos del desierto de Atacama (norte), un racimo de uva que representa al centro del pa\u00eds y la cruz de los ind\u00edgenas mapuche en el sur.<\/p>\n<p>&nbsp;<\/p>\n<p>&#8220;La tela fue confeccionada con distintos \u00edconos que representan las diversas culturas de Chile para darle sentido a que el santo padre viene a celebrar con un pa\u00eds con muchas diferencias pero unido en Jesucristo&#8221;, manifest\u00f3 H\u00e9ctor Gallardo, director de Liturgia de la Comisi\u00f3n de la visita del Papa, seg\u00fan consign\u00f3 la agencia internacional AFP.<\/p>\n<p>&nbsp;<\/p>\n<p>El Papa, quien arribar\u00e1 el 15 de enero, utilizar\u00e1 adem\u00e1s unas vasijas de acero inoxidable que contendr\u00e1n las m\u00e1s de 600.000 hostias que se distribuir\u00e1n durante las tres liturgias.<\/p>\n<p>&nbsp;<\/p>\n<p>&nbsp;<\/p>\n<p><strong>Misas<\/strong><\/p>\n<p>La misa en Santiago se realizar\u00e1 el lunes en el parque O&#8217;Higgins, un enorme pulm\u00f3n verde ubicado en el centro de la capital chilena, cuyas puertas se abrir\u00e1n desde las dos de la ma\u00f1ana para el ingreso de los fieles. Para ayudar a la poblaci\u00f3n, la ciudad habilit\u00f3 el metro desde esa hora.<\/p>\n<p>&nbsp;<\/p>\n<p>El martes, Temuco (800 km al sur de Santiago) recibir\u00e1 a Francisco, quien encabezar\u00e1 una liturgia marcada por el conflicto ind\u00edgena por las demandas mapuche de restituci\u00f3n de tierras. El escenario de la ceremonia se montar\u00e1 en un aer\u00f3dromo cercano a la ciudad cuyas puertas se abrir\u00e1n tambi\u00e9n a las dos de la ma\u00f1ana.<\/p>\n<p>&nbsp;<\/p>\n<p>En Iquique (1.800 km al norte de Santiago), la misa se realizar\u00e1 el mi\u00e9rcoles en playa Lobito ubicada a unos 22 km de la ciudad, donde Su Santidad abordar\u00e1 el tema de la migraci\u00f3n, en una regi\u00f3n donde el 10% de la poblaci\u00f3n es extranjera. A los asistentes a las misas se les permitir\u00e1 ingresar sillas plegables, botellas de agua y comida.<\/p>\n<p>&nbsp;<\/p>\n<p>A una semana, productos relacionados con la visita, como banderas, gorros, camisetas, pa\u00f1uelos y cojines con el rostro del argentino, se comercializaban por docenas en mercados de Santiago. &#8220;Es una bendici\u00f3n que el papa nos visite y que la gente quiera tener un recuerdo. Yo los hago, los fabrico para que la gente los lleve a precio m\u00f3dico&#8221;, sostuvo una vendedora del barrio Meiggs.<\/p>\n<p>&nbsp;<\/p>\n<p>Las autoridades chilenas esperan que cerca de 400.000 personas asistan a cada una de las misas y que miles de turistas peregrinos vengan desde pa\u00edses como Argentina, Per\u00fa y Bolivia. La demanda por reservar una habitaci\u00f3n en un hotel creci\u00f3 notablemente en los \u00faltimos d\u00edas copando m\u00e1s del 80% de la capacidad en Temuco e Iquique, mientras que los pasajes a\u00e9reos a esas ciudades escasean para las fechas en las que estar\u00e1 el papa.<\/p>\n<p>&nbsp;<\/p>\n<p>Ante la masiva llegada de visitantes, el Gobierno chileno aument\u00f3 en un 67% el personal en nueve pasos fronterizos, mientras que la Polic\u00eda dispondr\u00e1 de casi un millar de efectivos. Grupos contrarios a la visita del Papa anunciaron manifestaciones en protesta por casos de pedofilia que han involucrado a una veintena de sacerdotes en los \u00faltimos a\u00f1os, y tambi\u00e9n por la postura de la iglesia en cuanto al aborto terap\u00e9utico que en Chile fue despenalizado el 2017.<\/p>\n<p>&nbsp;<\/p>\n<p>El embajador argentino en Chile, Jos\u00e9 Octavio Bord\u00f3n, compar\u00f3 el &#8220;aluvi\u00f3n&#8221; de argentinos que viajar\u00e1n al pa\u00eds trasandino para la visita de Francisco, (se estima que ser\u00e1 m\u00e1s de un mill\u00f3n y medio de personas), con la cantidad de aquellos que lo hacen para realizar compras durante todo el a\u00f1o, cifra que alcanza los 9 millones.<\/p>\n","protected":false},"excerpt":{"rendered":"<p>El Sumo Pont\u00edfice arribar\u00e1 al pa\u00eds trasandino el 15 de enero y permanecer\u00e1 all\u00ed durante tres d\u00edas. Se espera que m\u00e1s de un mill\u00f3n de fieles asistan a las misas que ofrecer\u00e1 &nbsp; &nbsp; &nbsp; A una semana de la llegada del papa Francisco a Chile, el pa\u00eds trasandino ultima detalles sobre las ceremonias y la vestimenta que utilizar\u00e1 el religioso en su visita de tres d\u00edas, en la que se espera que m\u00e1s de un mill\u00f3n de fieles asistan a las misas masivas. &nbsp; El lunes, la Comisi\u00f3n organizadora&#8230;<\/p>\n","protected":false},"author":3,"featured_media":22120,"comment_status":"closed","ping_status":"closed","sticky":false,"template":"","format":"standard","meta":[],"categories":[4],"tags":[],"_links":{"self":[{"href":"https:\/\/www.actualidadadiario.com\/index.php\/wp-json\/wp\/v2\/posts\/22119"}],"collection":[{"href":"https:\/\/www.actualidadadiario.com\/index.php\/wp-json\/wp\/v2\/posts"}],"about":[{"href":"https:\/\/www.actualidadadiario.com\/index.php\/wp-json\/wp\/v2\/types\/post"}],"author":[{"embeddable":true,"href":"https:\/\/www.actualidadadiario.com\/index.php\/wp-json\/wp\/v2\/users\/3"}],"replies":[{"embeddable":true,"href":"https:\/\/www.actualidadadiario.com\/index.php\/wp-json\/wp\/v2\/comments?post=22119"}],"version-history":[{"count":1,"href":"https:\/\/www.actualidadadiario.com\/index.php\/wp-json\/wp\/v2\/posts\/22119\/revisions"}],"predecessor-version":[{"id":22121,"href":"https:\/\/www.actualidadadiario.com\/index.php\/wp-json\/wp\/v2\/posts\/22119\/revisions\/22121"}],"wp:featuredmedia":[{"embeddable":true,"href":"https:\/\/www.actualidadadiario.com\/index.php\/wp-json\/wp\/v2\/media\/22120"}],"wp:attachment":[{"href":"https:\/\/www.actualidadadiario.com\/index.php\/wp-json\/wp\/v2\/media?parent=22119"}],"wp:term":[{"taxonomy":"category","embeddable":true,"href":"https:\/\/www.actualidadadiario.com\/index.php\/wp-json\/wp\/v2\/categories?post=22119"},{"taxonomy":"post_tag","embeddable":true,"href":"https:\/\/www.actualidadadiario.com\/index.php\/wp-json\/wp\/v2\/tags?post=22119"}],"curies":[{"name":"wp","href":"https:\/\/api.w.org\/{rel}","templated":true}]}}