{"id":22098,"date":"2018-01-09T12:42:52","date_gmt":"2018-01-09T15:42:52","guid":{"rendered":"http:\/\/actualidadadiario.com\/site\/?p=22098"},"modified":"2018-11-06T19:49:10","modified_gmt":"2018-11-06T22:49:10","slug":"el-gobierno-retrocede-y-pospone-el-tratamiento-de-la-reforma-laboral-al-congreso","status":"publish","type":"post","link":"https:\/\/www.actualidadadiario.com\/index.php\/2018\/01\/09\/el-gobierno-retrocede-y-pospone-el-tratamiento-de-la-reforma-laboral-al-congreso\/","title":{"rendered":"El Gobierno retrocede y pospone el tratamiento de la reforma laboral al Congreso"},"content":{"rendered":"<p><em><strong>El Presidente dio la orden desde sus extensas vacaciones en La Angostura. Busca lograr acuerdos sectoriales y evitar un conflicto como el de la reforma previsional<\/strong><\/em><\/p>\n<p>&nbsp;<\/p>\n<p>&nbsp;<\/p>\n<p>&nbsp;<\/p>\n<p>No hay buen clima en la Casa Rosada. La ansiada reforma laboral que exigen el FMI y el poder econ\u00f3mico de la Argentina est\u00e1 pasando por un momento complicado en relaci\u00f3n al consenso para sancionarla sin conflictos sociales may\u00fasculos.<\/p>\n<p>&nbsp;<\/p>\n<p>El plan del presidente Mauricio Macri era presentar el proyecto oficial en el Congreso en febrero y en sesiones extraordinarias. Sin embargo, hay temor en Balcarce 50 de que el humor social termine de desbarrancarse en medio del peor momento de popularidad del Ingeniero desde su llegada al poder en diciembre de 2015.<\/p>\n<p>&nbsp;<\/p>\n<p>La decisi\u00f3n, que seg\u00fan fuentes oficiales Macri tom\u00f3 v\u00eda telef\u00f3nica en di\u00e1logo con su jefe de Gabinete, Marcos Pe\u00f1a, ser\u00eda posponer el tratamiento legislativo hasta marzo y no convocar a extraordinarias sino esperar a que comience el per\u00edodo ordinario del Palacio Legislativo.<\/p>\n<p>&nbsp;<\/p>\n<p>&#8220;Necesitamos a la CGT de este lado&#8221;, apuntaron las mismas fuentes. La sensaci\u00f3n en la mesa chica de Cambiemos es que los l\u00edderes sindicales podr\u00edan dar una de sus acostumbradas volteretas y rechazar a los gritos el proyecto al que meses atr\u00e1s le tendieron un puente de plata nada menos que en la Sociedad Rural.<\/p>\n<p>&nbsp;<\/p>\n<p>El propio H\u00e9ctor Daer, uno de los pol\u00e9micos triunviros de la central obrera, dijo d\u00edas atr\u00e1s que ellos no empujar\u00e1n al proyecto oficial ni le dar\u00e1n espacio.<\/p>\n<p>&nbsp;<\/p>\n<p>Por lo pronto, Macri sabe que cuenta con Miguel \u00c1ngel Pichetto, algo as\u00ed como el quinto Beatle de Cambiemos en el Congreso. El senador que supo defender a capa y espada las leyes que enviaron en distintas \u00e9pocas Carlos Menem, N\u00e9stor Kirchner y Cristina Fern\u00e1ndez, hoy es el espadach\u00edn de los proyectos oficialistas, a los que les filtra alguna cr\u00edtica pero para los que tiene siempre su mano lista para dar el s\u00ed.<\/p>\n<p>&nbsp;<\/p>\n<p>En cuanto a los gobernadores, la apuesta a superar es la del apoyo a uno de los art\u00edculos m\u00e1s perjudiciales para los trabajadores: la exclusi\u00f3n de las horas extras en el c\u00e1lculo de las indemnizaciones.<\/p>\n<p>&nbsp;<\/p>\n<p>&#8220;Queremos un acuerdo homog\u00e9neo con las provincias&#8221;, confiaron desde la calle Balcarce pero los mandatarios del interior empiezan a mostrar resquemores, sobre todo luego de las horas de sangre y fuego que se vivieron frente al Congreso cuando se aprob\u00f3 la tenebrosa reforma jubilatoria.<\/p>\n<p>&nbsp;<\/p>\n<p>\u00bfPodr\u00e1 Macri avanzar con la reforma m\u00e1s oscura de su gesti\u00f3n sin miles de personas en las calles y una huelga que las bases le siguen pidiendo a la CGT y que ser\u00eda impostergable si se aprobara la ley tal como est\u00e1 planteada?<\/p>\n<p>&nbsp;<\/p>\n<p>El tema est\u00e1 sobre la mesa y Macri, entre partidos de golf, pel\u00edculas en pantalla HD y m\u00faltiples reuniones con socios, amigos e influyentes personajes del c\u00edrculo rojo, busca sostener credibilidad entre un sector de los trabajadores que vot\u00f3 a Cambiemos y empieza a notar (mejor tarde que nunca) el hecho de que hasta el momento no hubo una sola decisi\u00f3n que los haya beneficiado en estos dos \u00faltimos ominosos a\u00f1os.<\/p>\n","protected":false},"excerpt":{"rendered":"<p>El Presidente dio la orden desde sus extensas vacaciones en La Angostura. Busca lograr acuerdos sectoriales y evitar un conflicto como el de la reforma previsional &nbsp; &nbsp; &nbsp; No hay buen clima en la Casa Rosada. La ansiada reforma laboral que exigen el FMI y el poder econ\u00f3mico de la Argentina est\u00e1 pasando por un momento complicado en relaci\u00f3n al consenso para sancionarla sin conflictos sociales may\u00fasculos. &nbsp; El plan del presidente Mauricio Macri era presentar el proyecto oficial en el Congreso en febrero y en sesiones extraordinarias. Sin&#8230;<\/p>\n","protected":false},"author":3,"featured_media":22099,"comment_status":"closed","ping_status":"closed","sticky":false,"template":"","format":"standard","meta":[],"categories":[18],"tags":[],"_links":{"self":[{"href":"https:\/\/www.actualidadadiario.com\/index.php\/wp-json\/wp\/v2\/posts\/22098"}],"collection":[{"href":"https:\/\/www.actualidadadiario.com\/index.php\/wp-json\/wp\/v2\/posts"}],"about":[{"href":"https:\/\/www.actualidadadiario.com\/index.php\/wp-json\/wp\/v2\/types\/post"}],"author":[{"embeddable":true,"href":"https:\/\/www.actualidadadiario.com\/index.php\/wp-json\/wp\/v2\/users\/3"}],"replies":[{"embeddable":true,"href":"https:\/\/www.actualidadadiario.com\/index.php\/wp-json\/wp\/v2\/comments?post=22098"}],"version-history":[{"count":1,"href":"https:\/\/www.actualidadadiario.com\/index.php\/wp-json\/wp\/v2\/posts\/22098\/revisions"}],"predecessor-version":[{"id":22100,"href":"https:\/\/www.actualidadadiario.com\/index.php\/wp-json\/wp\/v2\/posts\/22098\/revisions\/22100"}],"wp:featuredmedia":[{"embeddable":true,"href":"https:\/\/www.actualidadadiario.com\/index.php\/wp-json\/wp\/v2\/media\/22099"}],"wp:attachment":[{"href":"https:\/\/www.actualidadadiario.com\/index.php\/wp-json\/wp\/v2\/media?parent=22098"}],"wp:term":[{"taxonomy":"category","embeddable":true,"href":"https:\/\/www.actualidadadiario.com\/index.php\/wp-json\/wp\/v2\/categories?post=22098"},{"taxonomy":"post_tag","embeddable":true,"href":"https:\/\/www.actualidadadiario.com\/index.php\/wp-json\/wp\/v2\/tags?post=22098"}],"curies":[{"name":"wp","href":"https:\/\/api.w.org\/{rel}","templated":true}]}}