{"id":22088,"date":"2018-01-09T12:40:22","date_gmt":"2018-01-09T15:40:22","guid":{"rendered":"http:\/\/actualidadadiario.com\/site\/?p=22088"},"modified":"2018-11-06T19:50:08","modified_gmt":"2018-11-06T22:50:08","slug":"intensifican-el-combate-a-los-incendios-forestales","status":"publish","type":"post","link":"https:\/\/www.actualidadadiario.com\/index.php\/2018\/01\/09\/intensifican-el-combate-a-los-incendios-forestales\/","title":{"rendered":"Intensifican el combate a los incendios forestales"},"content":{"rendered":"<p><em><strong>Advierten que ser\u00e1 &#8220;un verano muy dif\u00edcil&#8221;. El Gobierno aument\u00f3 la ayuda a la provincia de Mendoza y mantiene su presencia en la de La Pampa<\/strong><\/em><\/p>\n<p>&nbsp;<\/p>\n<p>&nbsp;<\/p>\n<p>&nbsp;<\/p>\n<p>&nbsp;<\/p>\n<p>El Gobierno aument\u00f3 la ayuda a la provincia de Mendoza y mantiene su presencia en la de La Pampa para combatir los incendios forestales y rurales que ya arrasaron unas 250.000 hect\u00e1reas de bosques y pastizales, y advirti\u00f3 que &#8220;va a ser un verano muy dif\u00edcil&#8221; por la falta de lluvias.<\/p>\n<p>&nbsp;<\/p>\n<p>La mejora de las condiciones clim\u00e1ticas de los \u00faltimos d\u00edas posibilit\u00f3 que las labores de los combatientes fueran m\u00e1s efectivas, aunque el pron\u00f3stico indica que no hay previsto lluvias y que habr\u00e1 aumento de la temperatura y de vientos fuertes.<\/p>\n<p>&nbsp;<\/p>\n<p>En el departamento mendocino de General Alvear, brigadistas del Servicio Nacional de Manejo del Fuego (SNMF), pertenecientes a las bases de Buenos Aires, C\u00f3rdoba y La Pampa, ayudan a brigadistas locales con apoyo de cinco aviones observadores e hidrantes y dos helic\u00f3pteros.<\/p>\n<p>&nbsp;<\/p>\n<p>El subsecretario de Protecci\u00f3n Civil de la Naci\u00f3n, Daniel Russo, viaj\u00f3 a la provincia y evalu\u00f3, junto a las autoridades provinciales, la estrategia de acciones que permitan lograr la extinci\u00f3n del fuego.<\/p>\n<p>&nbsp;<\/p>\n<p>&#8220;Desde diciembre, previendo esta situaci\u00f3n, el Ministerio de Seguridad de la Naci\u00f3n despleg\u00f3 veh\u00edculos a\u00e9reos en Mendoza, y ahora tenemos cinco aviones trabajando en la zona, helic\u00f3pteros y cuadrillas especializadas en la lucha contra el fuego para reforzar las capacidades de la provincia&#8221;, destac\u00f3.<\/p>\n","protected":false},"excerpt":{"rendered":"<p>Advierten que ser\u00e1 &#8220;un verano muy dif\u00edcil&#8221;. El Gobierno aument\u00f3 la ayuda a la provincia de Mendoza y mantiene su presencia en la de La Pampa &nbsp; &nbsp; &nbsp; &nbsp; El Gobierno aument\u00f3 la ayuda a la provincia de Mendoza y mantiene su presencia en la de La Pampa para combatir los incendios forestales y rurales que ya arrasaron unas 250.000 hect\u00e1reas de bosques y pastizales, y advirti\u00f3 que &#8220;va a ser un verano muy dif\u00edcil&#8221; por la falta de lluvias. &nbsp; La mejora de las condiciones clim\u00e1ticas de los&#8230;<\/p>\n","protected":false},"author":3,"featured_media":22089,"comment_status":"closed","ping_status":"closed","sticky":false,"template":"","format":"standard","meta":[],"categories":[2],"tags":[],"_links":{"self":[{"href":"https:\/\/www.actualidadadiario.com\/index.php\/wp-json\/wp\/v2\/posts\/22088"}],"collection":[{"href":"https:\/\/www.actualidadadiario.com\/index.php\/wp-json\/wp\/v2\/posts"}],"about":[{"href":"https:\/\/www.actualidadadiario.com\/index.php\/wp-json\/wp\/v2\/types\/post"}],"author":[{"embeddable":true,"href":"https:\/\/www.actualidadadiario.com\/index.php\/wp-json\/wp\/v2\/users\/3"}],"replies":[{"embeddable":true,"href":"https:\/\/www.actualidadadiario.com\/index.php\/wp-json\/wp\/v2\/comments?post=22088"}],"version-history":[{"count":1,"href":"https:\/\/www.actualidadadiario.com\/index.php\/wp-json\/wp\/v2\/posts\/22088\/revisions"}],"predecessor-version":[{"id":22090,"href":"https:\/\/www.actualidadadiario.com\/index.php\/wp-json\/wp\/v2\/posts\/22088\/revisions\/22090"}],"wp:featuredmedia":[{"embeddable":true,"href":"https:\/\/www.actualidadadiario.com\/index.php\/wp-json\/wp\/v2\/media\/22089"}],"wp:attachment":[{"href":"https:\/\/www.actualidadadiario.com\/index.php\/wp-json\/wp\/v2\/media?parent=22088"}],"wp:term":[{"taxonomy":"category","embeddable":true,"href":"https:\/\/www.actualidadadiario.com\/index.php\/wp-json\/wp\/v2\/categories?post=22088"},{"taxonomy":"post_tag","embeddable":true,"href":"https:\/\/www.actualidadadiario.com\/index.php\/wp-json\/wp\/v2\/tags?post=22088"}],"curies":[{"name":"wp","href":"https:\/\/api.w.org\/{rel}","templated":true}]}}