{"id":22086,"date":"2018-01-09T12:38:22","date_gmt":"2018-01-09T15:38:22","guid":{"rendered":"http:\/\/actualidadadiario.com\/site\/?p=22086"},"modified":"2018-11-06T19:50:12","modified_gmt":"2018-11-06T22:50:12","slug":"ipc-congreso-de-inflacion-del-246-en-2017","status":"publish","type":"post","link":"https:\/\/www.actualidadadiario.com\/index.php\/2018\/01\/09\/ipc-congreso-de-inflacion-del-246-en-2017\/","title":{"rendered":"IPC Congreso de inflaci\u00f3n del 24,6% en 2017"},"content":{"rendered":"<p><em><strong>Registr\u00f3 en diciembre una suba de 3,1%, impulsado principalmente por las subas registradas en Vivienda y Servicios B\u00e1sicos, adem\u00e1s de Transporte y Comunicaciones<\/strong><\/em><\/p>\n<p>&nbsp;<\/p>\n<p>&nbsp;<\/p>\n<p>&nbsp;<\/p>\n<p>El costo de vida de los argentinos subi\u00f3 un 24,6% durante 2017, seg\u00fan inform\u00f3 este martes el \u00cdndice de Precios al Consumidor que revela un sector de oposici\u00f3n en el Congreso sobre la base de mediciones de consultoras privadas.<\/p>\n<p>&nbsp;<\/p>\n<p>El IPC Congreso registr\u00f3 en diciembre una suba de 3,1%, impulsado principalmente por las subas registradas en Vivienda y Servicios B\u00e1sicos (tarifas de luz y gas) y Transporte y Comunicaciones (combustibles).<\/p>\n<p>&nbsp;<\/p>\n<p>As\u00ed lo indica el informe difundido por el equipo econ\u00f3mico del Frente Renovador, encabezado por el diputado Marco Lavagna, junto a bloques de diputados del Partido Justicialista, Libres del Sur y el partido Socialista, entre otros.<\/p>\n<p>&nbsp;<\/p>\n<p>Los legisladores sostienen en el informe que la inflaci\u00f3n alcanz\u00f3 el a\u00f1o pasado el 24,6%, en l\u00ednea con &#8220;la velocidad crucero&#8221; del proceso de suba de precios que comenz\u00f3 hace m\u00e1s de una d\u00e9cada.<\/p>\n<p>&nbsp;<\/p>\n<p>Por su parte, Alimentos y Bebidas mostraron en diciembre un alza de 1,7%, acumulando casi 22% en el a\u00f1o.<\/p>\n","protected":false},"excerpt":{"rendered":"<p>Registr\u00f3 en diciembre una suba de 3,1%, impulsado principalmente por las subas registradas en Vivienda y Servicios B\u00e1sicos, adem\u00e1s de Transporte y Comunicaciones &nbsp; &nbsp; &nbsp; El costo de vida de los argentinos subi\u00f3 un 24,6% durante 2017, seg\u00fan inform\u00f3 este martes el \u00cdndice de Precios al Consumidor que revela un sector de oposici\u00f3n en el Congreso sobre la base de mediciones de consultoras privadas. &nbsp; El IPC Congreso registr\u00f3 en diciembre una suba de 3,1%, impulsado principalmente por las subas registradas en Vivienda y Servicios B\u00e1sicos (tarifas de luz&#8230;<\/p>\n","protected":false},"author":3,"featured_media":22008,"comment_status":"closed","ping_status":"closed","sticky":false,"template":"","format":"standard","meta":[],"categories":[9,2],"tags":[],"_links":{"self":[{"href":"https:\/\/www.actualidadadiario.com\/index.php\/wp-json\/wp\/v2\/posts\/22086"}],"collection":[{"href":"https:\/\/www.actualidadadiario.com\/index.php\/wp-json\/wp\/v2\/posts"}],"about":[{"href":"https:\/\/www.actualidadadiario.com\/index.php\/wp-json\/wp\/v2\/types\/post"}],"author":[{"embeddable":true,"href":"https:\/\/www.actualidadadiario.com\/index.php\/wp-json\/wp\/v2\/users\/3"}],"replies":[{"embeddable":true,"href":"https:\/\/www.actualidadadiario.com\/index.php\/wp-json\/wp\/v2\/comments?post=22086"}],"version-history":[{"count":1,"href":"https:\/\/www.actualidadadiario.com\/index.php\/wp-json\/wp\/v2\/posts\/22086\/revisions"}],"predecessor-version":[{"id":22087,"href":"https:\/\/www.actualidadadiario.com\/index.php\/wp-json\/wp\/v2\/posts\/22086\/revisions\/22087"}],"wp:featuredmedia":[{"embeddable":true,"href":"https:\/\/www.actualidadadiario.com\/index.php\/wp-json\/wp\/v2\/media\/22008"}],"wp:attachment":[{"href":"https:\/\/www.actualidadadiario.com\/index.php\/wp-json\/wp\/v2\/media?parent=22086"}],"wp:term":[{"taxonomy":"category","embeddable":true,"href":"https:\/\/www.actualidadadiario.com\/index.php\/wp-json\/wp\/v2\/categories?post=22086"},{"taxonomy":"post_tag","embeddable":true,"href":"https:\/\/www.actualidadadiario.com\/index.php\/wp-json\/wp\/v2\/tags?post=22086"}],"curies":[{"name":"wp","href":"https:\/\/api.w.org\/{rel}","templated":true}]}}